{"id":5479,"date":"2025-07-04T13:42:12","date_gmt":"2025-07-04T16:42:12","guid":{"rendered":"http:\/\/sindmotorlix.com.br\/wp\/?p=5479"},"modified":"2025-07-04T13:42:13","modified_gmt":"2025-07-04T16:42:13","slug":"sindmotorlix-marca-presenca-na-festa-do-trabalhador","status":"publish","type":"post","link":"https:\/\/sindmotorlix.com.br\/wp\/?p=5479","title":{"rendered":"Sindmotorlix marca presen\u00e7a na Festa do Trabalhador"},"content":{"rendered":"\n<p>O Sindmotorlix marcou presen\u00e7a na Festa do Trabalhador, realizada no dia 1\u00ba de maio na Pra\u00e7a Campo de Bagatelle, em S\u00e3o Paulo, pelas centrais sindicais. Um evento de celebra\u00e7\u00e3o, m\u00fasica, sorteios, mas tamb\u00e9m de luta, consci\u00eancia e presen\u00e7a pol\u00edtica.<\/p>\n\n\n\n<p>Homenageamos todos os trabalhadores e trabalhadoras, especialmente os motoristas, que movem este pa\u00eds com garra e responsabilidade.<\/p>\n\n\n\n<p>Neste 1\u00ba de Maio, tamb\u00e9m levantamos um debate urgente: a jornada 6\u00d71. Uma escala desumana que impacta milh\u00f5es de brasileiros e j\u00e1 est\u00e1 sendo discutida no governo. Trabalho digno exige respeito ao tempo de viver.<\/p>\n\n\n\n<p>2026 est\u00e1 chegando. \u00c9 hora de nos prepararmos politicamente. Lugar de trabalhador \u00e9 tamb\u00e9m nos espa\u00e7os de decis\u00e3o.<\/p>\n\n\n\n<p>O Sindmotorlix segue firme, ao lado da categoria. Nas ruas, nas pautas, na vida real.<\/p>\n\n\n\n<p>Conte com a gente. Sempre!<\/p>\n\n\n\n<figure class=\"wp-block-gallery has-nested-images columns-default is-cropped wp-block-gallery-1 is-layout-flex wp-block-gallery-is-layout-flex\">\n<figure class=\"wp-block-image size-large\"><img fetchpriority=\"high\" decoding=\"async\" width=\"819\" height=\"1024\" data-id=\"5482\" src=\"http:\/\/sindmotorlix.com.br\/wp\/wp-content\/uploads\/2025\/07\/01mario01.jpeg\" alt=\"\" class=\"wp-image-5482\" srcset=\"https:\/\/sindmotorlix.com.br\/wp\/wp-content\/uploads\/2025\/07\/01mario01.jpeg 819w, https:\/\/sindmotorlix.com.br\/wp\/wp-content\/uploads\/2025\/07\/01mario01-240x300.jpeg 240w, https:\/\/sindmotorlix.com.br\/wp\/wp-content\/uploads\/2025\/07\/01mario01-768x960.jpeg 768w, https:\/\/sindmotorlix.com.br\/wp\/wp-content\/uploads\/2025\/07\/01mario01-585x731.jpeg 585w\" sizes=\"(max-width: 819px) 100vw, 819px\" \/><\/figure>\n\n\n\n<figure class=\"wp-block-image size-large\"><img decoding=\"async\" width=\"819\" height=\"1024\" data-id=\"5481\" src=\"http:\/\/sindmotorlix.com.br\/wp\/wp-content\/uploads\/2025\/07\/01mario02.jpeg\" alt=\"\" class=\"wp-image-5481\" srcset=\"https:\/\/sindmotorlix.com.br\/wp\/wp-content\/uploads\/2025\/07\/01mario02.jpeg 819w, https:\/\/sindmotorlix.com.br\/wp\/wp-content\/uploads\/2025\/07\/01mario02-240x300.jpeg 240w, https:\/\/sindmotorlix.com.br\/wp\/wp-content\/uploads\/2025\/07\/01mario02-768x960.jpeg 768w, https:\/\/sindmotorlix.com.br\/wp\/wp-content\/uploads\/2025\/07\/01mario02-585x731.jpeg 585w\" sizes=\"(max-width: 819px) 100vw, 819px\" \/><\/figure>\n\n\n\n<figure class=\"wp-block-image size-large\"><img decoding=\"async\" width=\"819\" height=\"1024\" data-id=\"5483\" src=\"http:\/\/sindmotorlix.com.br\/wp\/wp-content\/uploads\/2025\/07\/01mario03.jpeg\" alt=\"\" class=\"wp-image-5483\" srcset=\"https:\/\/sindmotorlix.com.br\/wp\/wp-content\/uploads\/2025\/07\/01mario03.jpeg 819w, https:\/\/sindmotorlix.com.br\/wp\/wp-content\/uploads\/2025\/07\/01mario03-240x300.jpeg 240w, https:\/\/sindmotorlix.com.br\/wp\/wp-content\/uploads\/2025\/07\/01mario03-768x960.jpeg 768w, https:\/\/sindmotorlix.com.br\/wp\/wp-content\/uploads\/2025\/07\/01mario03-585x731.jpeg 585w\" sizes=\"(max-width: 819px) 100vw, 819px\" \/><\/figure>\n<\/figure>\n","protected":false},"excerpt":{"rendered":"<p>O Sindmotorlix marcou presen\u00e7a na Festa do Trabalhador, realizada no dia 1\u00ba de maio na Pra\u00e7a Campo de Bagatelle, em S\u00e3o Paulo, pelas centrais sindicais. Um evento de celebra\u00e7\u00e3o, m\u00fasica,&hellip;<\/p>\n","protected":false},"author":1,"featured_media":5480,"comment_status":"closed","ping_status":"open","sticky":false,"template":"","format":"standard","meta":{"content-type":"","_lmt_disableupdate":"","_lmt_disable":"","footnotes":""},"categories":[17,19],"tags":[],"class_list":["post-5479","post","type-post","status-publish","format-standard","has-post-thumbnail","hentry","category-destaque","category-noticias-sindmotorlix"],"_links":{"self":[{"href":"https:\/\/sindmotorlix.com.br\/wp\/index.php?rest_route=\/wp\/v2\/posts\/5479","targetHints":{"allow":["GET"]}}],"collection":[{"href":"https:\/\/sindmotorlix.com.br\/wp\/index.php?rest_route=\/wp\/v2\/posts"}],"about":[{"href":"https:\/\/sindmotorlix.com.br\/wp\/index.php?rest_route=\/wp\/v2\/types\/post"}],"author":[{"embeddable":true,"href":"https:\/\/sindmotorlix.com.br\/wp\/index.php?rest_route=\/wp\/v2\/users\/1"}],"replies":[{"embeddable":true,"href":"https:\/\/sindmotorlix.com.br\/wp\/index.php?rest_route=%2Fwp%2Fv2%2Fcomments&post=5479"}],"version-history":[{"count":1,"href":"https:\/\/sindmotorlix.com.br\/wp\/index.php?rest_route=\/wp\/v2\/posts\/5479\/revisions"}],"predecessor-version":[{"id":5484,"href":"https:\/\/sindmotorlix.com.br\/wp\/index.php?rest_route=\/wp\/v2\/posts\/5479\/revisions\/5484"}],"wp:featuredmedia":[{"embeddable":true,"href":"https:\/\/sindmotorlix.com.br\/wp\/index.php?rest_route=\/wp\/v2\/media\/5480"}],"wp:attachment":[{"href":"https:\/\/sindmotorlix.com.br\/wp\/index.php?rest_route=%2Fwp%2Fv2%2Fmedia&parent=5479"}],"wp:term":[{"taxonomy":"category","embeddable":true,"href":"https:\/\/sindmotorlix.com.br\/wp\/index.php?rest_route=%2Fwp%2Fv2%2Fcategories&post=5479"},{"taxonomy":"post_tag","embeddable":true,"href":"https:\/\/sindmotorlix.com.br\/wp\/index.php?rest_route=%2Fwp%2Fv2%2Ftags&post=5479"}],"curies":[{"name":"wp","href":"https:\/\/api.w.org\/{rel}","templated":true}]}}