{"id":5593,"date":"2021-02-16T16:00:00","date_gmt":"2021-02-16T19:00:00","guid":{"rendered":"http:\/\/sindmotorlix.com.br\/wp\/?p=5593"},"modified":"2025-07-04T16:24:58","modified_gmt":"2025-07-04T19:24:58","slug":"sindmotorlix-e-siemaco-sp-discutem-a-implantacao-de-banco-de-horas-com-os-trabalhadores-da-koleta-ambiental","status":"publish","type":"post","link":"https:\/\/sindmotorlix.com.br\/wp\/?p=5593","title":{"rendered":"Sindmotorlix e Siemaco-sp discutem a implanta\u00e7\u00e3o de Banco de Horas com os trabalhadores da Koleta Ambiental"},"content":{"rendered":"\n<p>Na madrugada de sexta feira (12\/02), o Sindicato dos Motoristas em Empresas de Coleta de lixo Industrial de S\u00e3o Paulo (Sindmotorlix) e o Sindicato dos Trabalhadores e Empresas de Presta\u00e7\u00e3o de Servi\u00e7os de Asseio e Conserva\u00e7\u00e3o e Limpeza Urbana de S\u00e3o Paulo (Siemaco-SP) realizaram a segunda assembleia com os trabalhadores da empresa Koleta Ambiental para discutir a implanta\u00e7\u00e3o de banco de horas..<\/p>\n\n\n\n<p>Essa proposta foi apresentada pela empresa depois que o Sindmotorlix localizou irregularidades na jornada dos trabalhadores. Foram duas assembleias, a primeira na quarta (10\/02) e a \u00faltima nesta sexta-feira (12\/02), ambas contaram com a participa\u00e7\u00e3o da diretoria do Sindmotorlix e do Siemaco-SP. O objetivo era discutir a proposta da empresa para o formato de pagamento das horas extras e a implanta\u00e7\u00e3o de um banco de horas para os trabalhadores.<\/p>\n\n\n\n<p>O presidente do Sindmotorlix Marco Antonio Domingos afirmou que essa decis\u00e3o conjunta dos trabalhadores foi boa para todas as partes envolvidas e fortaleceu ainda mais a categoria, mostrando a import\u00e2ncia do trabalho dos dois sindicatos. O Siemaco-sp, representado pelo companheiro Nilson Ferreira de Souza \u00e9 um forte aliado dos trabalhadores do nosso segmento.<\/p>\n\n\n\n<p>Ap\u00f3s amplos debates, com acompanhamento do Dr. M\u00e1rcio Sergio Matos do jur\u00eddico do sindicato a assembleia aprovou, por unanimidade, o novo acordo de Banco de Horas. Vit\u00f3ria dos Trabalhadores!<\/p>\n\n\n\n<p>Sindmotorlix, Juntos somos mais fortes!<\/p>\n\n\n\n<p><\/p>\n\n\n\n<figure class=\"wp-block-gallery has-nested-images columns-default is-cropped wp-block-gallery-1 is-layout-flex wp-block-gallery-is-layout-flex\">\n<figure class=\"wp-block-image size-large\"><img fetchpriority=\"high\" decoding=\"async\" width=\"300\" height=\"225\" data-id=\"5605\" src=\"http:\/\/sindmotorlix.com.br\/wp\/wp-content\/uploads\/2025\/07\/fotonoticia-6-300x225-1.jpg\" alt=\"\" class=\"wp-image-5605\"\/><\/figure>\n\n\n\n<figure class=\"wp-block-image size-large\"><img decoding=\"async\" width=\"300\" height=\"225\" data-id=\"5596\" src=\"http:\/\/sindmotorlix.com.br\/wp\/wp-content\/uploads\/2025\/07\/fotonoticia-2-300x225-1.jpg\" alt=\"\" class=\"wp-image-5596\"\/><\/figure>\n\n\n\n<figure class=\"wp-block-image size-large\"><img decoding=\"async\" width=\"300\" height=\"225\" data-id=\"5599\" src=\"http:\/\/sindmotorlix.com.br\/wp\/wp-content\/uploads\/2025\/07\/fotonoticia-3-300x225-1.jpg\" alt=\"\" class=\"wp-image-5599\"\/><\/figure>\n\n\n\n<figure class=\"wp-block-image size-large\"><img loading=\"lazy\" decoding=\"async\" width=\"300\" height=\"225\" data-id=\"5598\" src=\"http:\/\/sindmotorlix.com.br\/wp\/wp-content\/uploads\/2025\/07\/fotonoticia-4-300x225-1.jpg\" alt=\"\" class=\"wp-image-5598\"\/><\/figure>\n\n\n\n<figure class=\"wp-block-image size-large\"><img loading=\"lazy\" decoding=\"async\" width=\"300\" height=\"146\" data-id=\"5597\" src=\"http:\/\/sindmotorlix.com.br\/wp\/wp-content\/uploads\/2025\/07\/fotonoticia-5-300x146-1.jpg\" alt=\"\" class=\"wp-image-5597\"\/><\/figure>\n\n\n\n<figure class=\"wp-block-image size-large\"><img loading=\"lazy\" decoding=\"async\" width=\"300\" height=\"300\" data-id=\"5600\" src=\"http:\/\/sindmotorlix.com.br\/wp\/wp-content\/uploads\/2025\/07\/fotonoticia-1-300x300-1.jpg\" alt=\"\" class=\"wp-image-5600\" srcset=\"https:\/\/sindmotorlix.com.br\/wp\/wp-content\/uploads\/2025\/07\/fotonoticia-1-300x300-1.jpg 300w, https:\/\/sindmotorlix.com.br\/wp\/wp-content\/uploads\/2025\/07\/fotonoticia-1-300x300-1-150x150.jpg 150w\" sizes=\"(max-width: 300px) 100vw, 300px\" \/><\/figure>\n\n\n\n<figure class=\"wp-block-image size-large\"><img loading=\"lazy\" decoding=\"async\" width=\"300\" height=\"225\" data-id=\"5595\" src=\"http:\/\/sindmotorlix.com.br\/wp\/wp-content\/uploads\/2025\/07\/fotonoticia-7-300x225-1.jpg\" alt=\"\" class=\"wp-image-5595\"\/><\/figure>\n<\/figure>\n","protected":false},"excerpt":{"rendered":"<p>Na madrugada de sexta feira (12\/02), o Sindicato dos Motoristas em Empresas de Coleta de lixo Industrial de S\u00e3o Paulo (Sindmotorlix) e o Sindicato dos Trabalhadores e Empresas de Presta\u00e7\u00e3o&hellip;<\/p>\n","protected":false},"author":4,"featured_media":5594,"comment_status":"open","ping_status":"open","sticky":false,"template":"","format":"standard","meta":{"content-type":"","_lmt_disableupdate":"","_lmt_disable":"","footnotes":""},"categories":[19],"tags":[],"class_list":["post-5593","post","type-post","status-publish","format-standard","has-post-thumbnail","hentry","category-noticias-sindmotorlix"],"_links":{"self":[{"href":"https:\/\/sindmotorlix.com.br\/wp\/index.php?rest_route=\/wp\/v2\/posts\/5593","targetHints":{"allow":["GET"]}}],"collection":[{"href":"https:\/\/sindmotorlix.com.br\/wp\/index.php?rest_route=\/wp\/v2\/posts"}],"about":[{"href":"https:\/\/sindmotorlix.com.br\/wp\/index.php?rest_route=\/wp\/v2\/types\/post"}],"author":[{"embeddable":true,"href":"https:\/\/sindmotorlix.com.br\/wp\/index.php?rest_route=\/wp\/v2\/users\/4"}],"replies":[{"embeddable":true,"href":"https:\/\/sindmotorlix.com.br\/wp\/index.php?rest_route=%2Fwp%2Fv2%2Fcomments&post=5593"}],"version-history":[{"count":1,"href":"https:\/\/sindmotorlix.com.br\/wp\/index.php?rest_route=\/wp\/v2\/posts\/5593\/revisions"}],"predecessor-version":[{"id":5609,"href":"https:\/\/sindmotorlix.com.br\/wp\/index.php?rest_route=\/wp\/v2\/posts\/5593\/revisions\/5609"}],"wp:featuredmedia":[{"embeddable":true,"href":"https:\/\/sindmotorlix.com.br\/wp\/index.php?rest_route=\/wp\/v2\/media\/5594"}],"wp:attachment":[{"href":"https:\/\/sindmotorlix.com.br\/wp\/index.php?rest_route=%2Fwp%2Fv2%2Fmedia&parent=5593"}],"wp:term":[{"taxonomy":"category","embeddable":true,"href":"https:\/\/sindmotorlix.com.br\/wp\/index.php?rest_route=%2Fwp%2Fv2%2Fcategories&post=5593"},{"taxonomy":"post_tag","embeddable":true,"href":"https:\/\/sindmotorlix.com.br\/wp\/index.php?rest_route=%2Fwp%2Fv2%2Ftags&post=5593"}],"curies":[{"name":"wp","href":"https:\/\/api.w.org\/{rel}","templated":true}]}}