{"id":5626,"date":"2021-07-25T16:10:00","date_gmt":"2021-07-25T19:10:00","guid":{"rendered":"http:\/\/sindmotorlix.com.br\/wp\/?p=5626"},"modified":"2025-07-04T16:20:30","modified_gmt":"2025-07-04T19:20:30","slug":"sindmotorlix-participa-de-manifestacao-em-sao-paulo","status":"publish","type":"post","link":"https:\/\/sindmotorlix.com.br\/wp\/?p=5626","title":{"rendered":"Sindmotorlix participa de manifesta\u00e7\u00e3o em S\u00e3o Paulo"},"content":{"rendered":"\n<p>O Sindmotorlix participou da&nbsp;manifesta\u00e7\u00e3o organizada pelas centrais sindicais no \u00faltimo s\u00e1bado 24\/07. As manifesta\u00e7\u00f5es acontecerem nas principais cidades do Brasil e mostrou mais uma vez que o povo est\u00e1 unido contra essa pol\u00edtica de morte instalada pelo governo federal.<\/p>\n\n\n\n<p>As entidades protestaram contra a falta de emprenho do presidente Jair Bolsonaro em ampliar e agilizar a vacina\u00e7\u00e3o dos brasileiros.Segundo dados do cons\u00f3rcio de ve\u00edculos de imprensa j\u00e1 estamos nos aproximando dos 580 mil mortos pela COVID-19.<\/p>\n\n\n\n<p>Outra pauta importante da manifesta\u00e7\u00e3o \u00e9 o n\u00famero alarmante de desempregados que bateu recorde de 14,8 milh\u00f5es de pessoas. O desemprego, a massiva retirada de direitos dos trabalhistas e a pol\u00edtica de enfraquecimento das entidades sindicais, principais defensoras dos direitos dos trabalhadores s\u00e3o situa\u00e7\u00f5es que merecem aten\u00e7\u00e3o de toda a sociedade.<\/p>\n\n\n\n<figure class=\"wp-block-gallery has-nested-images columns-default is-cropped wp-block-gallery-1 is-layout-flex wp-block-gallery-is-layout-flex\">\n<figure class=\"wp-block-image size-large\"><img fetchpriority=\"high\" decoding=\"async\" width=\"1024\" height=\"975\" data-id=\"5628\" src=\"http:\/\/sindmotorlix.com.br\/wp\/wp-content\/uploads\/2025\/07\/WhatsApp-Image-2021-07-25-at-09.53.19-1024x975-1.jpeg\" alt=\"\" class=\"wp-image-5628\" srcset=\"https:\/\/sindmotorlix.com.br\/wp\/wp-content\/uploads\/2025\/07\/WhatsApp-Image-2021-07-25-at-09.53.19-1024x975-1.jpeg 1024w, https:\/\/sindmotorlix.com.br\/wp\/wp-content\/uploads\/2025\/07\/WhatsApp-Image-2021-07-25-at-09.53.19-1024x975-1-300x286.jpeg 300w, https:\/\/sindmotorlix.com.br\/wp\/wp-content\/uploads\/2025\/07\/WhatsApp-Image-2021-07-25-at-09.53.19-1024x975-1-768x731.jpeg 768w, https:\/\/sindmotorlix.com.br\/wp\/wp-content\/uploads\/2025\/07\/WhatsApp-Image-2021-07-25-at-09.53.19-1024x975-1-585x557.jpeg 585w\" sizes=\"(max-width: 1024px) 100vw, 1024px\" \/><\/figure>\n\n\n\n<figure class=\"wp-block-image size-large\"><img decoding=\"async\" width=\"1024\" height=\"991\" data-id=\"5629\" src=\"http:\/\/sindmotorlix.com.br\/wp\/wp-content\/uploads\/2025\/07\/WhatsApp-Image-2021-07-25-at-09.53.19-1-1024x991-1.jpeg\" alt=\"\" class=\"wp-image-5629\" srcset=\"https:\/\/sindmotorlix.com.br\/wp\/wp-content\/uploads\/2025\/07\/WhatsApp-Image-2021-07-25-at-09.53.19-1-1024x991-1.jpeg 1024w, https:\/\/sindmotorlix.com.br\/wp\/wp-content\/uploads\/2025\/07\/WhatsApp-Image-2021-07-25-at-09.53.19-1-1024x991-1-300x290.jpeg 300w, https:\/\/sindmotorlix.com.br\/wp\/wp-content\/uploads\/2025\/07\/WhatsApp-Image-2021-07-25-at-09.53.19-1-1024x991-1-768x743.jpeg 768w, https:\/\/sindmotorlix.com.br\/wp\/wp-content\/uploads\/2025\/07\/WhatsApp-Image-2021-07-25-at-09.53.19-1-1024x991-1-585x566.jpeg 585w\" sizes=\"(max-width: 1024px) 100vw, 1024px\" \/><\/figure>\n<\/figure>\n","protected":false},"excerpt":{"rendered":"<p>O Sindmotorlix participou da&nbsp;manifesta\u00e7\u00e3o organizada pelas centrais sindicais no \u00faltimo s\u00e1bado 24\/07. As manifesta\u00e7\u00f5es acontecerem nas principais cidades do Brasil e mostrou mais uma vez que o povo est\u00e1 unido&hellip;<\/p>\n","protected":false},"author":4,"featured_media":5627,"comment_status":"open","ping_status":"open","sticky":false,"template":"","format":"standard","meta":{"content-type":"","_lmt_disableupdate":"","_lmt_disable":"","footnotes":""},"categories":[19],"tags":[],"class_list":["post-5626","post","type-post","status-publish","format-standard","has-post-thumbnail","hentry","category-noticias-sindmotorlix"],"_links":{"self":[{"href":"https:\/\/sindmotorlix.com.br\/wp\/index.php?rest_route=\/wp\/v2\/posts\/5626","targetHints":{"allow":["GET"]}}],"collection":[{"href":"https:\/\/sindmotorlix.com.br\/wp\/index.php?rest_route=\/wp\/v2\/posts"}],"about":[{"href":"https:\/\/sindmotorlix.com.br\/wp\/index.php?rest_route=\/wp\/v2\/types\/post"}],"author":[{"embeddable":true,"href":"https:\/\/sindmotorlix.com.br\/wp\/index.php?rest_route=\/wp\/v2\/users\/4"}],"replies":[{"embeddable":true,"href":"https:\/\/sindmotorlix.com.br\/wp\/index.php?rest_route=%2Fwp%2Fv2%2Fcomments&post=5626"}],"version-history":[{"count":1,"href":"https:\/\/sindmotorlix.com.br\/wp\/index.php?rest_route=\/wp\/v2\/posts\/5626\/revisions"}],"predecessor-version":[{"id":5630,"href":"https:\/\/sindmotorlix.com.br\/wp\/index.php?rest_route=\/wp\/v2\/posts\/5626\/revisions\/5630"}],"wp:featuredmedia":[{"embeddable":true,"href":"https:\/\/sindmotorlix.com.br\/wp\/index.php?rest_route=\/wp\/v2\/media\/5627"}],"wp:attachment":[{"href":"https:\/\/sindmotorlix.com.br\/wp\/index.php?rest_route=%2Fwp%2Fv2%2Fmedia&parent=5626"}],"wp:term":[{"taxonomy":"category","embeddable":true,"href":"https:\/\/sindmotorlix.com.br\/wp\/index.php?rest_route=%2Fwp%2Fv2%2Fcategories&post=5626"},{"taxonomy":"post_tag","embeddable":true,"href":"https:\/\/sindmotorlix.com.br\/wp\/index.php?rest_route=%2Fwp%2Fv2%2Ftags&post=5626"}],"curies":[{"name":"wp","href":"https:\/\/api.w.org\/{rel}","templated":true}]}}