{"id":5668,"date":"2021-06-11T16:17:00","date_gmt":"2021-06-11T19:17:00","guid":{"rendered":"http:\/\/sindmotorlix.com.br\/wp\/?p=5668"},"modified":"2025-07-04T16:19:06","modified_gmt":"2025-07-04T19:19:06","slug":"solidariedade-sindical-sindmotorlix-participa-da-eleicao-do-siemaco-vale-do-paraiba","status":"publish","type":"post","link":"https:\/\/sindmotorlix.com.br\/wp\/?p=5668","title":{"rendered":"SOLIDARIEDADE SINDICAL- SINDMOTORLIX participa da elei\u00e7\u00e3o do Siemaco Vale do Para\u00edba"},"content":{"rendered":"\n<p>O SINDMOTORLIX marcou presen\u00e7a nas elei\u00e7\u00f5es do SIEMACO Vale do Para\u00edba, juntamente ao grupo GAS (grupo de a\u00e7\u00e3o sindical) Femaco.<\/p>\n\n\n\n<p>Participaram Marco Ant\u00f4nio Domingos e&nbsp;Alvaro David Baptista,&nbsp; presidente e diretor tesoureiro do Sindmotorlix respectivamente.<\/p>\n\n\n\n<p>A Elei\u00e7\u00e3o tamb\u00e9m contou com a participa\u00e7\u00e3o de diversos integrantes dos sindicatos de asseio e conserva\u00e7\u00e3o do Estado de S\u00e3o Paulo.<\/p>\n\n\n\n<p>Devido a pandemia, foi tomado todos os cuidados para garantir a seguran\u00e7a e o direito ao voto a todos trabalhadores, diminuindo o risco de aglomera\u00e7\u00f5es.<\/p>\n\n\n\n<figure class=\"wp-block-gallery has-nested-images columns-default is-cropped wp-block-gallery-1 is-layout-flex wp-block-gallery-is-layout-flex\">\n<figure class=\"wp-block-image size-large\"><img fetchpriority=\"high\" decoding=\"async\" width=\"650\" height=\"350\" data-id=\"5669\" src=\"http:\/\/sindmotorlix.com.br\/wp\/wp-content\/uploads\/2025\/07\/elei-o-bel-1.png\" alt=\"\" class=\"wp-image-5669\" srcset=\"https:\/\/sindmotorlix.com.br\/wp\/wp-content\/uploads\/2025\/07\/elei-o-bel-1.png 650w, https:\/\/sindmotorlix.com.br\/wp\/wp-content\/uploads\/2025\/07\/elei-o-bel-1-300x162.png 300w, https:\/\/sindmotorlix.com.br\/wp\/wp-content\/uploads\/2025\/07\/elei-o-bel-1-585x315.png 585w\" sizes=\"(max-width: 650px) 100vw, 650px\" \/><\/figure>\n\n\n\n<figure class=\"wp-block-image size-large\"><img decoding=\"async\" width=\"650\" height=\"350\" data-id=\"5670\" src=\"http:\/\/sindmotorlix.com.br\/wp\/wp-content\/uploads\/2025\/07\/Elei-o-bel-3.png\" alt=\"\" class=\"wp-image-5670\" srcset=\"https:\/\/sindmotorlix.com.br\/wp\/wp-content\/uploads\/2025\/07\/Elei-o-bel-3.png 650w, https:\/\/sindmotorlix.com.br\/wp\/wp-content\/uploads\/2025\/07\/Elei-o-bel-3-300x162.png 300w, https:\/\/sindmotorlix.com.br\/wp\/wp-content\/uploads\/2025\/07\/Elei-o-bel-3-585x315.png 585w\" sizes=\"(max-width: 650px) 100vw, 650px\" \/><\/figure>\n<\/figure>\n","protected":false},"excerpt":{"rendered":"<p>O SINDMOTORLIX marcou presen\u00e7a nas elei\u00e7\u00f5es do SIEMACO Vale do Para\u00edba, juntamente ao grupo GAS (grupo de a\u00e7\u00e3o sindical) Femaco. Participaram Marco Ant\u00f4nio Domingos e&nbsp;Alvaro David Baptista,&nbsp; presidente e diretor&hellip;<\/p>\n","protected":false},"author":4,"featured_media":5671,"comment_status":"open","ping_status":"open","sticky":false,"template":"","format":"standard","meta":{"content-type":"","_lmt_disableupdate":"","_lmt_disable":"","footnotes":""},"categories":[19],"tags":[],"class_list":["post-5668","post","type-post","status-publish","format-standard","has-post-thumbnail","hentry","category-noticias-sindmotorlix"],"_links":{"self":[{"href":"https:\/\/sindmotorlix.com.br\/wp\/index.php?rest_route=\/wp\/v2\/posts\/5668","targetHints":{"allow":["GET"]}}],"collection":[{"href":"https:\/\/sindmotorlix.com.br\/wp\/index.php?rest_route=\/wp\/v2\/posts"}],"about":[{"href":"https:\/\/sindmotorlix.com.br\/wp\/index.php?rest_route=\/wp\/v2\/types\/post"}],"author":[{"embeddable":true,"href":"https:\/\/sindmotorlix.com.br\/wp\/index.php?rest_route=\/wp\/v2\/users\/4"}],"replies":[{"embeddable":true,"href":"https:\/\/sindmotorlix.com.br\/wp\/index.php?rest_route=%2Fwp%2Fv2%2Fcomments&post=5668"}],"version-history":[{"count":1,"href":"https:\/\/sindmotorlix.com.br\/wp\/index.php?rest_route=\/wp\/v2\/posts\/5668\/revisions"}],"predecessor-version":[{"id":5672,"href":"https:\/\/sindmotorlix.com.br\/wp\/index.php?rest_route=\/wp\/v2\/posts\/5668\/revisions\/5672"}],"wp:featuredmedia":[{"embeddable":true,"href":"https:\/\/sindmotorlix.com.br\/wp\/index.php?rest_route=\/wp\/v2\/media\/5671"}],"wp:attachment":[{"href":"https:\/\/sindmotorlix.com.br\/wp\/index.php?rest_route=%2Fwp%2Fv2%2Fmedia&parent=5668"}],"wp:term":[{"taxonomy":"category","embeddable":true,"href":"https:\/\/sindmotorlix.com.br\/wp\/index.php?rest_route=%2Fwp%2Fv2%2Fcategories&post=5668"},{"taxonomy":"post_tag","embeddable":true,"href":"https:\/\/sindmotorlix.com.br\/wp\/index.php?rest_route=%2Fwp%2Fv2%2Ftags&post=5668"}],"curies":[{"name":"wp","href":"https:\/\/api.w.org\/{rel}","templated":true}]}}