{"id":5698,"date":"2022-05-18T16:35:00","date_gmt":"2022-05-18T19:35:00","guid":{"rendered":"http:\/\/sindmotorlix.com.br\/wp\/?p=5698"},"modified":"2025-07-04T16:39:12","modified_gmt":"2025-07-04T19:39:12","slug":"historico-trabalhador-em-grandes-geradores-e-homenageado-na-camara-municipal-de-sao-paulo","status":"publish","type":"post","link":"https:\/\/sindmotorlix.com.br\/wp\/?p=5698","title":{"rendered":"Hist\u00f3rico! Trabalhador em Grandes Geradores \u00e9 homenageado na C\u00e2mara Municipal de S\u00e3o Paulo"},"content":{"rendered":"\n<p>Durante as comemora\u00e7\u00f5es do dia do Gari, os trabalhadores da Limpeza Urbana do munic\u00edpio de S\u00e3o Paulo foram homenageados em sess\u00e3o solene da C\u00e2mara dos Vereadores.<\/p>\n\n\n\n<p>A sess\u00e3o aconteceu na noite do dia 16 e contou com a presen\u00e7a de trabalhadores, dirigentes sindicais e autoridades pol\u00edticas.<\/p>\n\n\n\n<p>Edson Andre dos Santos Filho, presidente do SIEMACO-SP esteve acompanhado de Roberto Santiago e Moacyr Pereira, vice-presidente e tesoureiro da entidade respectivamente. Eles falaram da import\u00e2ncia do trabalhador para a cidade e da trajet\u00f3ria do SIEMACO-SP para garantir os direitos existentes at\u00e9 hoje.<\/p>\n\n\n\n<p>Representando os trabalhador em Grandes Geradores participaram o presidente do SINDMOTORLIX, Marco Ant\u00f4nio Domingos e o tesoureiro \u00c1lvaro Baptista. Entre os homenageados estava o trabalhador Mario Severino da Silva da empresa koleta Ambiental. Ele foi um dos representantes da categoria a receber a justa homenagem da C\u00e2mara.<\/p>\n\n\n\n<figure class=\"wp-block-gallery has-nested-images columns-default is-cropped wp-block-gallery-1 is-layout-flex wp-block-gallery-is-layout-flex\">\n<figure class=\"wp-block-image size-large\"><img fetchpriority=\"high\" decoding=\"async\" width=\"1024\" height=\"768\" data-id=\"5701\" src=\"http:\/\/sindmotorlix.com.br\/wp\/wp-content\/uploads\/2022\/05\/gg2-1024x768-1.jpeg\" alt=\"\" class=\"wp-image-5701\" srcset=\"https:\/\/sindmotorlix.com.br\/wp\/wp-content\/uploads\/2022\/05\/gg2-1024x768-1.jpeg 1024w, https:\/\/sindmotorlix.com.br\/wp\/wp-content\/uploads\/2022\/05\/gg2-1024x768-1-300x225.jpeg 300w, https:\/\/sindmotorlix.com.br\/wp\/wp-content\/uploads\/2022\/05\/gg2-1024x768-1-768x576.jpeg 768w, https:\/\/sindmotorlix.com.br\/wp\/wp-content\/uploads\/2022\/05\/gg2-1024x768-1-585x439.jpeg 585w\" sizes=\"(max-width: 1024px) 100vw, 1024px\" \/><\/figure>\n<\/figure>\n","protected":false},"excerpt":{"rendered":"<p>Durante as comemora\u00e7\u00f5es do dia do Gari, os trabalhadores da Limpeza Urbana do munic\u00edpio de S\u00e3o Paulo foram homenageados em sess\u00e3o solene da C\u00e2mara dos Vereadores. A sess\u00e3o aconteceu na&hellip;<\/p>\n","protected":false},"author":4,"featured_media":5699,"comment_status":"open","ping_status":"open","sticky":false,"template":"","format":"standard","meta":{"content-type":"","_lmt_disableupdate":"","_lmt_disable":"","footnotes":""},"categories":[19],"tags":[],"class_list":["post-5698","post","type-post","status-publish","format-standard","has-post-thumbnail","hentry","category-noticias-sindmotorlix"],"_links":{"self":[{"href":"https:\/\/sindmotorlix.com.br\/wp\/index.php?rest_route=\/wp\/v2\/posts\/5698","targetHints":{"allow":["GET"]}}],"collection":[{"href":"https:\/\/sindmotorlix.com.br\/wp\/index.php?rest_route=\/wp\/v2\/posts"}],"about":[{"href":"https:\/\/sindmotorlix.com.br\/wp\/index.php?rest_route=\/wp\/v2\/types\/post"}],"author":[{"embeddable":true,"href":"https:\/\/sindmotorlix.com.br\/wp\/index.php?rest_route=\/wp\/v2\/users\/4"}],"replies":[{"embeddable":true,"href":"https:\/\/sindmotorlix.com.br\/wp\/index.php?rest_route=%2Fwp%2Fv2%2Fcomments&post=5698"}],"version-history":[{"count":2,"href":"https:\/\/sindmotorlix.com.br\/wp\/index.php?rest_route=\/wp\/v2\/posts\/5698\/revisions"}],"predecessor-version":[{"id":5702,"href":"https:\/\/sindmotorlix.com.br\/wp\/index.php?rest_route=\/wp\/v2\/posts\/5698\/revisions\/5702"}],"wp:featuredmedia":[{"embeddable":true,"href":"https:\/\/sindmotorlix.com.br\/wp\/index.php?rest_route=\/wp\/v2\/media\/5699"}],"wp:attachment":[{"href":"https:\/\/sindmotorlix.com.br\/wp\/index.php?rest_route=%2Fwp%2Fv2%2Fmedia&parent=5698"}],"wp:term":[{"taxonomy":"category","embeddable":true,"href":"https:\/\/sindmotorlix.com.br\/wp\/index.php?rest_route=%2Fwp%2Fv2%2Fcategories&post=5698"},{"taxonomy":"post_tag","embeddable":true,"href":"https:\/\/sindmotorlix.com.br\/wp\/index.php?rest_route=%2Fwp%2Fv2%2Ftags&post=5698"}],"curies":[{"name":"wp","href":"https:\/\/api.w.org\/{rel}","templated":true}]}}