{"id":5746,"date":"2021-09-10T16:56:00","date_gmt":"2021-09-10T19:56:00","guid":{"rendered":"http:\/\/sindmotorlix.com.br\/wp\/?p=5746"},"modified":"2025-07-04T16:58:11","modified_gmt":"2025-07-04T19:58:11","slug":"novos-diretores-se-integram-a-equipe-do-sindmotorlix","status":"publish","type":"post","link":"https:\/\/sindmotorlix.com.br\/wp\/?p=5746","title":{"rendered":"Novos diretores se integram a equipe do SINDMOTORLIX"},"content":{"rendered":"\n<p>No \u00faltimo dia 08\/09 na sede do SINDMOTORLIX, a diretoria da entidade se reuniu para dar as boas vindas a dois novos diretores chegaram para somar na equipe. S\u00e3o os cros.&nbsp;Jorge Paulo Bastos e&nbsp;Jos\u00e9 Raimundo Concei\u00e7\u00e3o Chaves.<\/p>\n\n\n\n<p>Durante a reuni\u00e3o tamb\u00e9m foram discutidos temas como a import\u00e2ncia do movimento de sindicaliza\u00e7\u00e3o e foram definidas as estrat\u00e9gias para a nova campanha de sindicaliza\u00e7\u00e3o da entidade, que est\u00e1 prevista para ter in\u00edcio na segunda quinzena de setembro.<\/p>\n\n\n\n<p>Jorge Paulo Bastos<\/p>\n\n\n\n<figure class=\"wp-block-gallery has-nested-images columns-default is-cropped wp-block-gallery-1 is-layout-flex wp-block-gallery-is-layout-flex\">\n<figure class=\"wp-block-image size-large\"><img fetchpriority=\"high\" decoding=\"async\" width=\"768\" height=\"1024\" data-id=\"5747\" src=\"http:\/\/sindmotorlix.com.br\/wp\/wp-content\/uploads\/2025\/07\/Jorge-Paulo-Bastos-768x1024-1.jpeg\" alt=\"\" class=\"wp-image-5747\" srcset=\"https:\/\/sindmotorlix.com.br\/wp\/wp-content\/uploads\/2025\/07\/Jorge-Paulo-Bastos-768x1024-1.jpeg 768w, https:\/\/sindmotorlix.com.br\/wp\/wp-content\/uploads\/2025\/07\/Jorge-Paulo-Bastos-768x1024-1-225x300.jpeg 225w, https:\/\/sindmotorlix.com.br\/wp\/wp-content\/uploads\/2025\/07\/Jorge-Paulo-Bastos-768x1024-1-585x780.jpeg 585w\" sizes=\"(max-width: 768px) 100vw, 768px\" \/><\/figure>\n<\/figure>\n\n\n\n<figure class=\"wp-block-gallery has-nested-images columns-default is-cropped wp-block-gallery-2 is-layout-flex wp-block-gallery-is-layout-flex\">\n<figure class=\"wp-block-image size-large\"><img decoding=\"async\" width=\"768\" height=\"1024\" data-id=\"5748\" src=\"http:\/\/sindmotorlix.com.br\/wp\/wp-content\/uploads\/2025\/07\/Jos-Raimundo-Concei-o-Chaves-768x1024-1.jpeg\" alt=\"\" class=\"wp-image-5748\" srcset=\"https:\/\/sindmotorlix.com.br\/wp\/wp-content\/uploads\/2025\/07\/Jos-Raimundo-Concei-o-Chaves-768x1024-1.jpeg 768w, https:\/\/sindmotorlix.com.br\/wp\/wp-content\/uploads\/2025\/07\/Jos-Raimundo-Concei-o-Chaves-768x1024-1-225x300.jpeg 225w, https:\/\/sindmotorlix.com.br\/wp\/wp-content\/uploads\/2025\/07\/Jos-Raimundo-Concei-o-Chaves-768x1024-1-585x780.jpeg 585w\" sizes=\"(max-width: 768px) 100vw, 768px\" \/><\/figure>\n<\/figure>\n\n\n\n<p>Jos\u00e9 Raimundo Concei\u00e7\u00e3o Chaves<\/p>\n","protected":false},"excerpt":{"rendered":"<p>No \u00faltimo dia 08\/09 na sede do SINDMOTORLIX, a diretoria da entidade se reuniu para dar as boas vindas a dois novos diretores chegaram para somar na equipe. S\u00e3o os&hellip;<\/p>\n","protected":false},"author":4,"featured_media":0,"comment_status":"open","ping_status":"open","sticky":false,"template":"","format":"standard","meta":{"content-type":"","_lmt_disableupdate":"","_lmt_disable":"","footnotes":""},"categories":[19],"tags":[],"class_list":["post-5746","post","type-post","status-publish","format-standard","hentry","category-noticias-sindmotorlix"],"_links":{"self":[{"href":"https:\/\/sindmotorlix.com.br\/wp\/index.php?rest_route=\/wp\/v2\/posts\/5746","targetHints":{"allow":["GET"]}}],"collection":[{"href":"https:\/\/sindmotorlix.com.br\/wp\/index.php?rest_route=\/wp\/v2\/posts"}],"about":[{"href":"https:\/\/sindmotorlix.com.br\/wp\/index.php?rest_route=\/wp\/v2\/types\/post"}],"author":[{"embeddable":true,"href":"https:\/\/sindmotorlix.com.br\/wp\/index.php?rest_route=\/wp\/v2\/users\/4"}],"replies":[{"embeddable":true,"href":"https:\/\/sindmotorlix.com.br\/wp\/index.php?rest_route=%2Fwp%2Fv2%2Fcomments&post=5746"}],"version-history":[{"count":1,"href":"https:\/\/sindmotorlix.com.br\/wp\/index.php?rest_route=\/wp\/v2\/posts\/5746\/revisions"}],"predecessor-version":[{"id":5749,"href":"https:\/\/sindmotorlix.com.br\/wp\/index.php?rest_route=\/wp\/v2\/posts\/5746\/revisions\/5749"}],"wp:attachment":[{"href":"https:\/\/sindmotorlix.com.br\/wp\/index.php?rest_route=%2Fwp%2Fv2%2Fmedia&parent=5746"}],"wp:term":[{"taxonomy":"category","embeddable":true,"href":"https:\/\/sindmotorlix.com.br\/wp\/index.php?rest_route=%2Fwp%2Fv2%2Fcategories&post=5746"},{"taxonomy":"post_tag","embeddable":true,"href":"https:\/\/sindmotorlix.com.br\/wp\/index.php?rest_route=%2Fwp%2Fv2%2Ftags&post=5746"}],"curies":[{"name":"wp","href":"https:\/\/api.w.org\/{rel}","templated":true}]}}