{"id":5756,"date":"2021-09-02T17:00:00","date_gmt":"2021-09-02T20:00:00","guid":{"rendered":"http:\/\/sindmotorlix.com.br\/wp\/?p=5756"},"modified":"2025-07-04T17:02:00","modified_gmt":"2025-07-04T20:02:00","slug":"senadores-rejeitaram-jabutis-incluidos-na-mp-1045-que-acabava-com-ferias-13o-fgts-carteira-assinada-e-outros-direitos","status":"publish","type":"post","link":"https:\/\/sindmotorlix.com.br\/wp\/?p=5756","title":{"rendered":"Senadores rejeitaram jabutis inclu\u00eddos na MP 1045 que acabava com f\u00e9rias, 13\u00ba, FGTS. carteira assinada e outros direitos"},"content":{"rendered":"\n<p>Por 47 a 27, o Senado derrotou o governo de Jair Bolsonaro (ex-PSL) e rejeitou integralmente a reforma Trabalhista que a C\u00e2mara dos Deputados contrabandeou no texto da Medida Provis\u00f3ria (MP) n\u00ba 1.045, em conluio com o ministro da Economia, Paulo Guedes.<\/p>\n\n\n\n<p>A reforma foi fortemente combatida pela CUT e demais centrais, que atuaram nas ruas, nas redes sociais e no Congresso Nacional, conversando com os parlamentares, explicando os preju\u00edzos para o pa\u00eds e para o povo. O presidente da CUT, S\u00e9rgio Nobre, inclusive, se reuniu com o presidente do Senado, Rodrigo Pacheco (DEM-MG), para detalhar as perversidades da medida.<\/p>\n\n\n\n<p>Em postagem no Twitter, S\u00e9rgio comemorou: \u201cAcabamos de derrotar Bolsonaro no Senado, que rejeitou por 47 votos a 27 a MP 1045, nefasta medida de reforma trabalhista que acabava com direitos dos trabalhadores. Luta unit\u00e1ria das Centrais Sindicais, com atos e press\u00e3o sobre o Parlament\u201d.<\/p>\n\n\n\n<p>Medida havia sido gestada e aprovada na C\u00e2mara<\/p>\n\n\n\n<p>Com a desculpa de que as medidas gerariam empregos para os jovens, os deputados aprovaram uma reforma Trabalhista que criava novos regimes de contrata\u00e7\u00e3o sem direitos a f\u00e9rias, 13\u00ba sal\u00e1rio, carteira assinada, Fundo de Garantia por Tempo de Servi\u00e7o (FGTS) e outros direitos.<\/p>\n\n\n\n<p>S\u00e3o jabutis, reagiram os senadores contr\u00e1rios a reforma se referindo aos itens que os deputados colocaram no texto da MP, que tinha como objetivo apenas a recria\u00e7\u00e3o do programa de redu\u00e7\u00e3o de jornadas e sal\u00e1rios e suspens\u00e3o de contratos. Os senadores rejeitaram at\u00e9 a recria\u00e7\u00e3o deste programa.<\/p>\n\n\n\n<p>Para os senadores, inclusive de partidos da base do governo, as medidas que S\u00e9rgio Nobre chamou de volta \u00e0 escravid\u00e3o, fragilizavam as rela\u00e7\u00f5es trabalhistas.<\/p>\n\n\n\n<p>O parecer do relator, senador Conf\u00fascio Moura (MDB-RO), foi favor\u00e1vel a aprova\u00e7\u00e3o da MP, mas para vencer as resist\u00eancias entre os parlamentares disse que excluiu todos os dispositivos inseridos pela C\u00e2mara e que alteravam a Consolida\u00e7\u00e3o das Leis do Trabalho (CLT).<\/p>\n\n\n\n<p>O relator, por\u00e9m, acatou a cria\u00e7\u00e3o dos novos programas de emprego e defendeu as medidas como iniciativa para ampliar a empregabilidade de jovens. Os senadores rejeitaram esses tr\u00eas novos programas.<\/p>\n\n\n\n<p>Um dos senadores que mais combateram a MP 1045, Paulo Paim (PT-RS) comemorou a derrota do governo.<\/p>\n\n\n\n<p>Derrubamos a MP 1045. Vit\u00f3ria dos trabalhadores e trabalhadoras, dos jovens, do povo negro, das pessoas com defici\u00eancia, dos pobres, daqueles que acreditam e lutam por um Brasil justo, igualit\u00e1rio, democr\u00e1tico, com emprego, renda e prote\u00e7\u00e3o social para todos.<br>\u2013 Paulo Paim<br>Confira 15 direitos fundamentais que a MP 1045 tiraria dos trabalhadores:<\/p>\n\n\n\n<p>1 \u2013 Acabaria com a carteira assinada para muitos<\/p>\n\n\n\n<p>2 \u2013 Trabalhador poderia ser contratado por metade do sal\u00e1rio m\u00ednimo<\/p>\n\n\n\n<p>3 \u2013 Fim do 13\u00ba sal\u00e1rio<\/p>\n\n\n\n<p>4 \u2013 MP acabaria com FGTS e reduzia percentual dos dep\u00f3sitos<\/p>\n\n\n\n<p>5 \u2013 Trabalhador perderia at\u00e9 direito \u00e0 aposentadoria e aux\u00edlio-doen\u00e7a<\/p>\n\n\n\n<p>6 \u2013 Fim das f\u00e9rias remuneradas e redu\u00e7\u00e3o da hora extra<\/p>\n\n\n\n<p>7 \u2013 Redu\u00e7\u00e3o de multas pagas ao trabalhador<\/p>\n\n\n\n<p>8 \u2013 Restringia a fiscaliza\u00e7\u00e3o das empresas<\/p>\n\n\n\n<p>9 \u2013 Restri\u00e7\u00e3o \u00e0 Justi\u00e7a do Trabalho gratuita<\/p>\n\n\n\n<p>10 \u2013 Dispensa sem justa causa<\/p>\n\n\n\n<p>11- Trabalhador pagaria por erro de empresa no BEm<\/p>\n\n\n\n<p>12- Substitui\u00e7\u00e3o de trabalhadores<\/p>\n\n\n\n<p>13 \u2013 Prejudicaria sa\u00fade do trabalhador<\/p>\n\n\n\n<p>14 \u2013 Pr\u00e1tica antissindical<\/p>\n\n\n\n<p>15 \u2013 Menos impostos com preju\u00edzos \u00e0 popula\u00e7\u00e3o em geral<br>*Edi\u00e7\u00e3o: Rosely Rocha<br>Fonte: CUT<\/p>\n\n\n\n<p><\/p>\n","protected":false},"excerpt":{"rendered":"<p>Por 47 a 27, o Senado derrotou o governo de Jair Bolsonaro (ex-PSL) e rejeitou integralmente a reforma Trabalhista que a C\u00e2mara dos Deputados contrabandeou no texto da Medida Provis\u00f3ria&hellip;<\/p>\n","protected":false},"author":4,"featured_media":5757,"comment_status":"open","ping_status":"open","sticky":false,"template":"","format":"standard","meta":{"content-type":"","_lmt_disableupdate":"","_lmt_disable":"","footnotes":""},"categories":[19],"tags":[],"class_list":["post-5756","post","type-post","status-publish","format-standard","has-post-thumbnail","hentry","category-noticias-sindmotorlix"],"_links":{"self":[{"href":"https:\/\/sindmotorlix.com.br\/wp\/index.php?rest_route=\/wp\/v2\/posts\/5756","targetHints":{"allow":["GET"]}}],"collection":[{"href":"https:\/\/sindmotorlix.com.br\/wp\/index.php?rest_route=\/wp\/v2\/posts"}],"about":[{"href":"https:\/\/sindmotorlix.com.br\/wp\/index.php?rest_route=\/wp\/v2\/types\/post"}],"author":[{"embeddable":true,"href":"https:\/\/sindmotorlix.com.br\/wp\/index.php?rest_route=\/wp\/v2\/users\/4"}],"replies":[{"embeddable":true,"href":"https:\/\/sindmotorlix.com.br\/wp\/index.php?rest_route=%2Fwp%2Fv2%2Fcomments&post=5756"}],"version-history":[{"count":1,"href":"https:\/\/sindmotorlix.com.br\/wp\/index.php?rest_route=\/wp\/v2\/posts\/5756\/revisions"}],"predecessor-version":[{"id":5758,"href":"https:\/\/sindmotorlix.com.br\/wp\/index.php?rest_route=\/wp\/v2\/posts\/5756\/revisions\/5758"}],"wp:featuredmedia":[{"embeddable":true,"href":"https:\/\/sindmotorlix.com.br\/wp\/index.php?rest_route=\/wp\/v2\/media\/5757"}],"wp:attachment":[{"href":"https:\/\/sindmotorlix.com.br\/wp\/index.php?rest_route=%2Fwp%2Fv2%2Fmedia&parent=5756"}],"wp:term":[{"taxonomy":"category","embeddable":true,"href":"https:\/\/sindmotorlix.com.br\/wp\/index.php?rest_route=%2Fwp%2Fv2%2Fcategories&post=5756"},{"taxonomy":"post_tag","embeddable":true,"href":"https:\/\/sindmotorlix.com.br\/wp\/index.php?rest_route=%2Fwp%2Fv2%2Ftags&post=5756"}],"curies":[{"name":"wp","href":"https:\/\/api.w.org\/{rel}","templated":true}]}}