{"id":5760,"date":"2024-04-23T17:03:00","date_gmt":"2024-04-23T20:03:00","guid":{"rendered":"http:\/\/sindmotorlix.com.br\/wp\/?p=5760"},"modified":"2025-07-04T17:04:45","modified_gmt":"2025-07-04T20:04:45","slug":"presidente-do-sindmotorlix-recebe-homenagem-na-festa-dos-65-anos-do-siemaco-sp","status":"publish","type":"post","link":"https:\/\/sindmotorlix.com.br\/wp\/?p=5760","title":{"rendered":"Presidente do Sindmotorlix recebe homenagem na festa dos 65 anos do SIEMACO-SP"},"content":{"rendered":"\n<p>Na \u00faltima sexta-feira (19) o presidente do Sindmotorlix Marco Antonio Domingos foi um dos homenageados no anivers\u00e1rio de 65 anos do SIEMACO-SP.<\/p>\n\n\n\n<p>A cerim\u00f4nia aconteceu na Casa de Portugal, tradicional casa de eventos no centro da cidade e contou com lideran\u00e7as pol\u00edticas da capital e lideran\u00e7as sindicais nacionais e internacionais. A diretoria do sindicato estava sendo representada no evento pelo presidente Marco Antonio Domingos, o Tesoureiro Alvaro David Baptista, Marcio Matos e Tamara Matos .<\/p>\n\n\n\n<p>A cerim\u00f4nia teve muitos discursos emocionados, afinal muitos al\u00ed faziam parte dessa hist\u00f3ria. Em um dos atos, o presidente Edson Andr\u00e9 dos Santos Filho entregou uma placa comemorativa dos 65 anos do SIEMACO-SP ao presidente do Sindmotorlix Marco Antonio Domingos, pois ele fez parte dessa hist\u00f3ria como funcion\u00e1rio e agora faz como dirigente de entidade parceira que apoia as a\u00e7\u00f5es do sindicato.<\/p>\n\n\n\n<p>Para Marco Antonio Domingos, quando um sindicato homenageia outro, isso fortalece os la\u00e7os de solidariedade e uni\u00e3o entre diferentes categorias profissionais. Mostra que os sindicatos reconhecem e valorizam os esfor\u00e7os e lutas uns dos outros em prol dos direitos dos trabalhadores. \u201cEssa placa n\u00e3o \u00e9 pra mim, ela \u00e9 para toda equipe sindical do Sindmotorlix, prestadores de servi\u00e7os e amigos que acreditam na import\u00e2ncia que os sindicatos t\u00eam na sociedade\u201d, afirmou.<\/p>\n\n\n\n<p>Essa homenagem \u00e9 um s\u00edmbolo poderoso de unidade e coopera\u00e7\u00e3o entre o SINDMOTORLIX e o SIEMACO-SP. Isso \u00e9 essencial para enfrentar desafios comuns, como lutar por melhores condi\u00e7\u00f5es de trabalho, sal\u00e1rios dignos, seguran\u00e7a no trabalho e outros direitos trabalhistas.<\/p>\n\n\n\n<p>O Sindmotorlix agradece ao presidente do SIEMACO-SP Edson Andr\u00e9 dos Santos Filho e toda diretoria do sindicato por esta homenagem, ela \u00e9 um reconhecimento importante que valoriza o trabalho \u00e1rduo, a dedica\u00e7\u00e3o e a contribui\u00e7\u00e3o significativa para a causa sindical. Isso n\u00e3o s\u00f3 eleva a moral e a motiva\u00e7\u00e3o dos envolvidos, mas tamb\u00e9m fortalece o movimento sindical como um todo.<\/p>\n\n\n\n<p>Parab\u00e9ns SIEMACO-SP pelos seus 65 anos.<\/p>\n\n\n\n<figure class=\"wp-block-gallery has-nested-images columns-default is-cropped wp-block-gallery-1 is-layout-flex wp-block-gallery-is-layout-flex\">\n<figure class=\"wp-block-image size-large\"><img fetchpriority=\"high\" decoding=\"async\" width=\"300\" height=\"193\" data-id=\"5762\" src=\"http:\/\/sindmotorlix.com.br\/wp\/wp-content\/uploads\/2025\/07\/WhatsApp-Image-2024-04-21-at-05.45.57-1-300x193-1.jpeg\" alt=\"\" class=\"wp-image-5762\"\/><\/figure>\n\n\n\n<figure class=\"wp-block-image size-large\"><img decoding=\"async\" width=\"300\" height=\"225\" data-id=\"5769\" src=\"http:\/\/sindmotorlix.com.br\/wp\/wp-content\/uploads\/2025\/07\/WhatsApp-Image-2024-04-21-at-07.55.54-1-300x225-1.jpeg\" alt=\"\" class=\"wp-image-5769\"\/><\/figure>\n\n\n\n<figure class=\"wp-block-image size-large\"><img decoding=\"async\" width=\"275\" height=\"300\" data-id=\"5763\" src=\"http:\/\/sindmotorlix.com.br\/wp\/wp-content\/uploads\/2025\/07\/WhatsApp-Image-2024-04-21-at-07.55.50-275x300-2.jpeg\" alt=\"\" class=\"wp-image-5763\"\/><\/figure>\n\n\n\n<figure class=\"wp-block-image size-large\"><img loading=\"lazy\" decoding=\"async\" width=\"300\" height=\"169\" data-id=\"5765\" src=\"http:\/\/sindmotorlix.com.br\/wp\/wp-content\/uploads\/2025\/07\/WhatsApp-Image-2024-04-21-at-07.55.51-300x169-1.jpeg\" alt=\"\" class=\"wp-image-5765\"\/><\/figure>\n\n\n\n<figure class=\"wp-block-image size-large\"><img loading=\"lazy\" decoding=\"async\" width=\"169\" height=\"300\" data-id=\"5767\" src=\"http:\/\/sindmotorlix.com.br\/wp\/wp-content\/uploads\/2025\/07\/WhatsApp-Image-2024-04-21-at-07.55.51-1-169x300-1.jpeg\" alt=\"\" class=\"wp-image-5767\"\/><\/figure>\n\n\n\n<figure class=\"wp-block-image size-large\"><img loading=\"lazy\" decoding=\"async\" width=\"135\" height=\"300\" data-id=\"5770\" src=\"http:\/\/sindmotorlix.com.br\/wp\/wp-content\/uploads\/2025\/07\/WhatsApp-Image-2024-04-21-at-07.55.53-135x300-1.jpeg\" alt=\"\" class=\"wp-image-5770\"\/><\/figure>\n\n\n\n<figure class=\"wp-block-image size-large\"><img loading=\"lazy\" decoding=\"async\" width=\"169\" height=\"300\" data-id=\"5764\" src=\"http:\/\/sindmotorlix.com.br\/wp\/wp-content\/uploads\/2025\/07\/WhatsApp-Image-2024-04-21-at-07.55.53-2-169x300-1.jpeg\" alt=\"\" class=\"wp-image-5764\"\/><\/figure>\n\n\n\n<figure class=\"wp-block-image size-large\"><img loading=\"lazy\" decoding=\"async\" width=\"135\" height=\"300\" data-id=\"5768\" src=\"http:\/\/sindmotorlix.com.br\/wp\/wp-content\/uploads\/2025\/07\/WhatsApp-Image-2024-04-21-at-07.55.53-1-135x300-1.jpeg\" alt=\"\" class=\"wp-image-5768\"\/><\/figure>\n\n\n\n<figure class=\"wp-block-image size-large\"><img loading=\"lazy\" decoding=\"async\" width=\"300\" height=\"169\" data-id=\"5766\" src=\"http:\/\/sindmotorlix.com.br\/wp\/wp-content\/uploads\/2025\/07\/WhatsApp-Image-2024-04-21-at-07.55.54-300x169-1.jpeg\" alt=\"\" class=\"wp-image-5766\"\/><\/figure>\n<\/figure>\n\n\n\n<p><\/p>\n","protected":false},"excerpt":{"rendered":"<p>Na \u00faltima sexta-feira (19) o presidente do Sindmotorlix Marco Antonio Domingos foi um dos homenageados no anivers\u00e1rio de 65 anos do SIEMACO-SP. A cerim\u00f4nia aconteceu na Casa de Portugal, tradicional&hellip;<\/p>\n","protected":false},"author":4,"featured_media":5761,"comment_status":"open","ping_status":"open","sticky":false,"template":"","format":"standard","meta":{"content-type":"","_lmt_disableupdate":"","_lmt_disable":"","footnotes":""},"categories":[19],"tags":[],"class_list":["post-5760","post","type-post","status-publish","format-standard","has-post-thumbnail","hentry","category-noticias-sindmotorlix"],"_links":{"self":[{"href":"https:\/\/sindmotorlix.com.br\/wp\/index.php?rest_route=\/wp\/v2\/posts\/5760","targetHints":{"allow":["GET"]}}],"collection":[{"href":"https:\/\/sindmotorlix.com.br\/wp\/index.php?rest_route=\/wp\/v2\/posts"}],"about":[{"href":"https:\/\/sindmotorlix.com.br\/wp\/index.php?rest_route=\/wp\/v2\/types\/post"}],"author":[{"embeddable":true,"href":"https:\/\/sindmotorlix.com.br\/wp\/index.php?rest_route=\/wp\/v2\/users\/4"}],"replies":[{"embeddable":true,"href":"https:\/\/sindmotorlix.com.br\/wp\/index.php?rest_route=%2Fwp%2Fv2%2Fcomments&post=5760"}],"version-history":[{"count":1,"href":"https:\/\/sindmotorlix.com.br\/wp\/index.php?rest_route=\/wp\/v2\/posts\/5760\/revisions"}],"predecessor-version":[{"id":5776,"href":"https:\/\/sindmotorlix.com.br\/wp\/index.php?rest_route=\/wp\/v2\/posts\/5760\/revisions\/5776"}],"wp:featuredmedia":[{"embeddable":true,"href":"https:\/\/sindmotorlix.com.br\/wp\/index.php?rest_route=\/wp\/v2\/media\/5761"}],"wp:attachment":[{"href":"https:\/\/sindmotorlix.com.br\/wp\/index.php?rest_route=%2Fwp%2Fv2%2Fmedia&parent=5760"}],"wp:term":[{"taxonomy":"category","embeddable":true,"href":"https:\/\/sindmotorlix.com.br\/wp\/index.php?rest_route=%2Fwp%2Fv2%2Fcategories&post=5760"},{"taxonomy":"post_tag","embeddable":true,"href":"https:\/\/sindmotorlix.com.br\/wp\/index.php?rest_route=%2Fwp%2Fv2%2Ftags&post=5760"}],"curies":[{"name":"wp","href":"https:\/\/api.w.org\/{rel}","templated":true}]}}