{"id":5831,"date":"2025-01-24T17:14:00","date_gmt":"2025-01-24T20:14:00","guid":{"rendered":"http:\/\/sindmotorlix.com.br\/wp\/?p=5831"},"modified":"2025-07-05T17:18:17","modified_gmt":"2025-07-05T20:18:17","slug":"sindmotorlix-marca-presenca-na-posse-do-novo-presidente-da-fenascon","status":"publish","type":"post","link":"https:\/\/sindmotorlix.com.br\/wp\/?p=5831","title":{"rendered":"SINDMOTORLIX marca presen\u00e7a na posse do novo presidente da FENASCON"},"content":{"rendered":"\n<p>Na tarde de ter\u00e7a-feira (21), o presidente do SINDMOTORLIX, Marco Ant\u00f4nio, esteve presente na cerim\u00f4nia de posse de Paulo C\u00e9sar Rossi como presidente da Federa\u00e7\u00e3o Nacional dos Trabalhadores em Servi\u00e7os, Asseio e Conserva\u00e7\u00e3o (FENASCON), para o mandato de 2025 a 2029. O evento contou com a participa\u00e7\u00e3o de diversas lideran\u00e7as sindicais de todo o Brasil, refor\u00e7ando a import\u00e2ncia desse momento para o setor.<\/p>\n\n\n\n<p>O SINDMOTORLIX aproveita esta oportunidade para parabenizar Paulo C\u00e9sar Rossi pela sua posse e desejar-lhe sucesso em seu mandato. Rossi sucede Roberto Santiago, que deixa um legado significativo e foi nomeado presidente de honra da FENASCON.<\/p>\n\n\n\n<p>\u201cEste \u00e9 um momento de uni\u00e3o e fortalecimento das nossas categorias. Acreditamos que a nova gest\u00e3o da FENASCON trar\u00e1 avan\u00e7os significativos para a categoria\u201d, declarou Marco Ant\u00f4nio.<\/p>\n\n\n\n<figure class=\"wp-block-gallery has-nested-images columns-default is-cropped wp-block-gallery-1 is-layout-flex wp-block-gallery-is-layout-flex\">\n<figure class=\"wp-block-image size-large\"><img fetchpriority=\"high\" decoding=\"async\" width=\"1024\" height=\"768\" data-id=\"5834\" src=\"http:\/\/sindmotorlix.com.br\/wp\/wp-content\/uploads\/2025\/07\/roberto-1-1024x768-1.jpg\" alt=\"\" class=\"wp-image-5834\" srcset=\"https:\/\/sindmotorlix.com.br\/wp\/wp-content\/uploads\/2025\/07\/roberto-1-1024x768-1.jpg 1024w, https:\/\/sindmotorlix.com.br\/wp\/wp-content\/uploads\/2025\/07\/roberto-1-1024x768-1-300x225.jpg 300w, https:\/\/sindmotorlix.com.br\/wp\/wp-content\/uploads\/2025\/07\/roberto-1-1024x768-1-768x576.jpg 768w, https:\/\/sindmotorlix.com.br\/wp\/wp-content\/uploads\/2025\/07\/roberto-1-1024x768-1-585x439.jpg 585w\" sizes=\"(max-width: 1024px) 100vw, 1024px\" \/><\/figure>\n\n\n\n<figure class=\"wp-block-image size-large\"><img decoding=\"async\" width=\"768\" height=\"1024\" data-id=\"5835\" src=\"http:\/\/sindmotorlix.com.br\/wp\/wp-content\/uploads\/2025\/07\/WhatsApp-Image-2025-01-22-at-20.31.05-1-768x1024-1.jpeg\" alt=\"\" class=\"wp-image-5835\" srcset=\"https:\/\/sindmotorlix.com.br\/wp\/wp-content\/uploads\/2025\/07\/WhatsApp-Image-2025-01-22-at-20.31.05-1-768x1024-1.jpeg 768w, https:\/\/sindmotorlix.com.br\/wp\/wp-content\/uploads\/2025\/07\/WhatsApp-Image-2025-01-22-at-20.31.05-1-768x1024-1-225x300.jpeg 225w, https:\/\/sindmotorlix.com.br\/wp\/wp-content\/uploads\/2025\/07\/WhatsApp-Image-2025-01-22-at-20.31.05-1-768x1024-1-585x780.jpeg 585w\" sizes=\"(max-width: 768px) 100vw, 768px\" \/><\/figure>\n\n\n\n<figure class=\"wp-block-image size-large\"><img decoding=\"async\" width=\"1024\" height=\"768\" data-id=\"5833\" src=\"http:\/\/sindmotorlix.com.br\/wp\/wp-content\/uploads\/2025\/07\/WhatsApp-Image-2025-01-22-at-20.31.04-1-1024x768-1.jpeg\" alt=\"\" class=\"wp-image-5833\" srcset=\"https:\/\/sindmotorlix.com.br\/wp\/wp-content\/uploads\/2025\/07\/WhatsApp-Image-2025-01-22-at-20.31.04-1-1024x768-1.jpeg 1024w, https:\/\/sindmotorlix.com.br\/wp\/wp-content\/uploads\/2025\/07\/WhatsApp-Image-2025-01-22-at-20.31.04-1-1024x768-1-300x225.jpeg 300w, https:\/\/sindmotorlix.com.br\/wp\/wp-content\/uploads\/2025\/07\/WhatsApp-Image-2025-01-22-at-20.31.04-1-1024x768-1-768x576.jpeg 768w, https:\/\/sindmotorlix.com.br\/wp\/wp-content\/uploads\/2025\/07\/WhatsApp-Image-2025-01-22-at-20.31.04-1-1024x768-1-585x439.jpeg 585w\" sizes=\"(max-width: 1024px) 100vw, 1024px\" \/><\/figure>\n<\/figure>\n","protected":false},"excerpt":{"rendered":"<p>Na tarde de ter\u00e7a-feira (21), o presidente do SINDMOTORLIX, Marco Ant\u00f4nio, esteve presente na cerim\u00f4nia de posse de Paulo C\u00e9sar Rossi como presidente da Federa\u00e7\u00e3o Nacional dos Trabalhadores em Servi\u00e7os,&hellip;<\/p>\n","protected":false},"author":4,"featured_media":5832,"comment_status":"open","ping_status":"open","sticky":false,"template":"","format":"standard","meta":{"content-type":"","_lmt_disableupdate":"","_lmt_disable":"","footnotes":""},"categories":[19],"tags":[],"class_list":["post-5831","post","type-post","status-publish","format-standard","has-post-thumbnail","hentry","category-noticias-sindmotorlix"],"_links":{"self":[{"href":"https:\/\/sindmotorlix.com.br\/wp\/index.php?rest_route=\/wp\/v2\/posts\/5831","targetHints":{"allow":["GET"]}}],"collection":[{"href":"https:\/\/sindmotorlix.com.br\/wp\/index.php?rest_route=\/wp\/v2\/posts"}],"about":[{"href":"https:\/\/sindmotorlix.com.br\/wp\/index.php?rest_route=\/wp\/v2\/types\/post"}],"author":[{"embeddable":true,"href":"https:\/\/sindmotorlix.com.br\/wp\/index.php?rest_route=\/wp\/v2\/users\/4"}],"replies":[{"embeddable":true,"href":"https:\/\/sindmotorlix.com.br\/wp\/index.php?rest_route=%2Fwp%2Fv2%2Fcomments&post=5831"}],"version-history":[{"count":1,"href":"https:\/\/sindmotorlix.com.br\/wp\/index.php?rest_route=\/wp\/v2\/posts\/5831\/revisions"}],"predecessor-version":[{"id":5836,"href":"https:\/\/sindmotorlix.com.br\/wp\/index.php?rest_route=\/wp\/v2\/posts\/5831\/revisions\/5836"}],"wp:featuredmedia":[{"embeddable":true,"href":"https:\/\/sindmotorlix.com.br\/wp\/index.php?rest_route=\/wp\/v2\/media\/5832"}],"wp:attachment":[{"href":"https:\/\/sindmotorlix.com.br\/wp\/index.php?rest_route=%2Fwp%2Fv2%2Fmedia&parent=5831"}],"wp:term":[{"taxonomy":"category","embeddable":true,"href":"https:\/\/sindmotorlix.com.br\/wp\/index.php?rest_route=%2Fwp%2Fv2%2Fcategories&post=5831"},{"taxonomy":"post_tag","embeddable":true,"href":"https:\/\/sindmotorlix.com.br\/wp\/index.php?rest_route=%2Fwp%2Fv2%2Ftags&post=5831"}],"curies":[{"name":"wp","href":"https:\/\/api.w.org\/{rel}","templated":true}]}}