{"id":6015,"date":"2021-07-05T13:53:00","date_gmt":"2021-07-05T16:53:00","guid":{"rendered":"http:\/\/sindmotorlix.com.br\/wp\/?p=6015"},"modified":"2025-07-09T13:55:26","modified_gmt":"2025-07-09T16:55:26","slug":"garis-terao-ponto-exclusivo-para-vacinacao-contra-covid-em-palmas","status":"publish","type":"post","link":"https:\/\/sindmotorlix.com.br\/wp\/?p=6015","title":{"rendered":"Garis ter\u00e3o ponto exclusivo para vacina\u00e7\u00e3o contra Covid em Palmas"},"content":{"rendered":"\n<p>Trabalhadores poder\u00e3o se vacinar na empresa respons\u00e1vel pela limpeza urbana da capital, localizada na ASR-SE 115, antiga 1.112 Sul, na pr\u00f3xima quarta-feira (30).<\/p>\n\n\n\n<p>Profissionais da limpeza urbana recebem vacina contra Covid na pr\u00f3xima quarta-feira (30)<\/p>\n\n\n\n<p>Na pr\u00f3xima quarta-feira (30), os trabalhadores que atuam na limpeza p\u00fablica, recolhimento de res\u00edduos e no Aterro Sanit\u00e1rio Municipal v\u00e3o ter um ponto exclusivo para vacina\u00e7\u00e3o contra Covid-19, em Palmas.<\/p>\n\n\n\n<p>Conforme a prefeitura, al\u00e9m das Unidades B\u00e1sicas de Sa\u00fade, os funcion\u00e1rios v\u00e3o poder se imunizar na MB Constru\u00e7\u00f5es e Servi\u00e7os Ltda, empresa respons\u00e1vel pela limpeza urbana da capital, localizada na ASR-SE 115 (1.112 Sul).<\/p>\n\n\n\n<p>Quem for at\u00e9 o local receber a primeira dose n\u00e3o precisar\u00e1 fazer agendamento no site da Secretaria Municipal de Sa\u00fade.<\/p>\n\n\n\n<p>Mas, se os trabalhadores se vacinarem nas unidades b\u00e1sicas, \u00e9 necess\u00e1rio realizar o agendamento, que continua dispon\u00edvel no site da prefeitura, para todos os p\u00fablicos que est\u00e3o sendo imunizados.<\/p>\n\n\n\n<p>Os colaboradores devem apresentar documento de identidade original, RG, CPF ou CNH, cart\u00e3o de vacina, c\u00f3pia do contracheque e\/ou declara\u00e7\u00e3o da empresa ou institui\u00e7\u00e3o em que trabalha para comprova\u00e7\u00e3o do v\u00ednculo com a atividade exercida.<\/p>\n\n\n\n<p>Segundo a prefeitura, a inclus\u00e3o do p\u00fablico que executa servi\u00e7o essencial acontece em fun\u00e7\u00e3o da chegada a Palmas de novo lote de vacina.<\/p>\n\n\n\n<p>Outros grupos<\/p>\n\n\n\n<p>Tamb\u00e9m est\u00e3o sendo vacinados:<\/p>\n\n\n\n<p>Popula\u00e7\u00e3o a partir dos 52 anos (sem comorbidade)<\/p>\n\n\n\n<p>Profissionais da educa\u00e7\u00e3o<\/p>\n\n\n\n<p>Profissionais de sa\u00fade (D1)<\/p>\n\n\n\n<p>Pessoas com comorbidades com 18 anos ou mais<\/p>\n\n\n\n<p>2\u00aa Dose da AstraZeneca (Decorridos 80 dias desde a 1\u00aa dose)<\/p>\n\n\n\n<p>Veja mais not\u00edcias da regi\u00e3o no G1 Tocantins.<\/p>\n\n\n\n<p>Por G1 Tocantins<\/p>\n\n\n\n<p>Foto: Regiane Rocha\/Prefeitura de Palmas<\/p>\n\n\n\n<p>28\/06\/2021 11h27&nbsp; Atualizado em 10 horas<\/p>\n","protected":false},"excerpt":{"rendered":"<p>Trabalhadores poder\u00e3o se vacinar na empresa respons\u00e1vel pela limpeza urbana da capital, localizada na ASR-SE 115, antiga 1.112 Sul, na pr\u00f3xima quarta-feira (30). Profissionais da limpeza urbana recebem vacina contra&hellip;<\/p>\n","protected":false},"author":4,"featured_media":6016,"comment_status":"open","ping_status":"open","sticky":false,"template":"","format":"standard","meta":{"content-type":"","_lmt_disableupdate":"","_lmt_disable":"","footnotes":""},"categories":[19],"tags":[],"class_list":["post-6015","post","type-post","status-publish","format-standard","has-post-thumbnail","hentry","category-noticias-sindmotorlix"],"_links":{"self":[{"href":"https:\/\/sindmotorlix.com.br\/wp\/index.php?rest_route=\/wp\/v2\/posts\/6015","targetHints":{"allow":["GET"]}}],"collection":[{"href":"https:\/\/sindmotorlix.com.br\/wp\/index.php?rest_route=\/wp\/v2\/posts"}],"about":[{"href":"https:\/\/sindmotorlix.com.br\/wp\/index.php?rest_route=\/wp\/v2\/types\/post"}],"author":[{"embeddable":true,"href":"https:\/\/sindmotorlix.com.br\/wp\/index.php?rest_route=\/wp\/v2\/users\/4"}],"replies":[{"embeddable":true,"href":"https:\/\/sindmotorlix.com.br\/wp\/index.php?rest_route=%2Fwp%2Fv2%2Fcomments&post=6015"}],"version-history":[{"count":1,"href":"https:\/\/sindmotorlix.com.br\/wp\/index.php?rest_route=\/wp\/v2\/posts\/6015\/revisions"}],"predecessor-version":[{"id":6017,"href":"https:\/\/sindmotorlix.com.br\/wp\/index.php?rest_route=\/wp\/v2\/posts\/6015\/revisions\/6017"}],"wp:featuredmedia":[{"embeddable":true,"href":"https:\/\/sindmotorlix.com.br\/wp\/index.php?rest_route=\/wp\/v2\/media\/6016"}],"wp:attachment":[{"href":"https:\/\/sindmotorlix.com.br\/wp\/index.php?rest_route=%2Fwp%2Fv2%2Fmedia&parent=6015"}],"wp:term":[{"taxonomy":"category","embeddable":true,"href":"https:\/\/sindmotorlix.com.br\/wp\/index.php?rest_route=%2Fwp%2Fv2%2Fcategories&post=6015"},{"taxonomy":"post_tag","embeddable":true,"href":"https:\/\/sindmotorlix.com.br\/wp\/index.php?rest_route=%2Fwp%2Fv2%2Ftags&post=6015"}],"curies":[{"name":"wp","href":"https:\/\/api.w.org\/{rel}","templated":true}]}}