{"id":6019,"date":"2021-07-05T13:55:00","date_gmt":"2021-07-05T16:55:00","guid":{"rendered":"http:\/\/sindmotorlix.com.br\/wp\/?p=6019"},"modified":"2025-07-09T13:57:23","modified_gmt":"2025-07-09T16:57:23","slug":"siemaco-sp-discute-pre-pauta-da-limpeza-urbana-com-a-categoria","status":"publish","type":"post","link":"https:\/\/sindmotorlix.com.br\/wp\/?p=6019","title":{"rendered":"SIEMACO-SP discute pr\u00e9-pauta da Limpeza Urbana com a categoria"},"content":{"rendered":"\n<p>Respeitando os protocolos de seguran\u00e7a contra a dissemina\u00e7\u00e3o da covid-19, aconteceu na manh\u00e3 desta quinta-feira (1\/7), no audit\u00f3rio do SIEMACO S\u00e3o Paulo, a primeira reuni\u00e3o com os trabalhadores e trabalhadoras da Limpeza Urbana para discutir a pr\u00e9-pauta da campanha salarial 2021. Tanto a presid\u00eancia quanto a diretoria, acompanhada dos assessores do sindicato, esclareceram d\u00favidas e expuseram a pauta de reivindica\u00e7\u00f5es \u00e0 categoria.<\/p>\n\n\n\n<p>Nesta primeira reuni\u00e3o compareceram os profissionais do turno da manh\u00e3, apenas um por local de trabalho, para cumprir as regras de distanciamento social.<\/p>\n\n\n\n<p>Na pr\u00f3xima reuni\u00e3o, agendada para o dia 08\/07, ser\u00e1 a vez dos turnos da tarde e noite, e novamente pede-se que apenas uma pessoa por local de trabalho compare\u00e7a.<\/p>\n\n\n\n<p>\u201cCome\u00e7amos mais uma negocia\u00e7\u00e3o da Limpeza Urbana. E convocamos toda a categoria a participar desse momento, que necessita de uni\u00e3o e muito di\u00e1logo. Todas as conquistas que tivemos at\u00e9 agora foram gra\u00e7as a essa forte presen\u00e7a dos trabalhadores e trabalhadoras no sindicato, levantando questionamentos e sugerindo pautas da reivindica\u00e7\u00e3o. E dessa vez n\u00e3o ser\u00e1 diferente. Vamos seguir em frente, pois ainda temos muito trabalho at\u00e9 chegarmos a um consenso para fecharmos nossa conven\u00e7\u00e3o coletiva de trabalho\u201d, disse Andr\u00e9 dos Santos, presidente do SIEMACO-SP.<\/p>\n\n\n\n<figure class=\"wp-block-gallery has-nested-images columns-default is-cropped wp-block-gallery-1 is-layout-flex wp-block-gallery-is-layout-flex\">\n<figure class=\"wp-block-image size-large\"><img fetchpriority=\"high\" decoding=\"async\" width=\"320\" height=\"175\" data-id=\"6021\" src=\"http:\/\/sindmotorlix.com.br\/wp\/wp-content\/uploads\/2025\/07\/Andr-Siemaco.jpg\" alt=\"\" class=\"wp-image-6021\" srcset=\"https:\/\/sindmotorlix.com.br\/wp\/wp-content\/uploads\/2025\/07\/Andr-Siemaco.jpg 320w, https:\/\/sindmotorlix.com.br\/wp\/wp-content\/uploads\/2025\/07\/Andr-Siemaco-300x164.jpg 300w\" sizes=\"(max-width: 320px) 100vw, 320px\" \/><\/figure>\n\n\n\n<figure class=\"wp-block-image size-large\"><img decoding=\"async\" width=\"320\" height=\"175\" data-id=\"6022\" src=\"http:\/\/sindmotorlix.com.br\/wp\/wp-content\/uploads\/2025\/07\/Campanha_salarial_limpeza_urbana007_2021.jpg\" alt=\"\" class=\"wp-image-6022\" srcset=\"https:\/\/sindmotorlix.com.br\/wp\/wp-content\/uploads\/2025\/07\/Campanha_salarial_limpeza_urbana007_2021.jpg 320w, https:\/\/sindmotorlix.com.br\/wp\/wp-content\/uploads\/2025\/07\/Campanha_salarial_limpeza_urbana007_2021-300x164.jpg 300w\" sizes=\"(max-width: 320px) 100vw, 320px\" \/><\/figure>\n<\/figure>\n","protected":false},"excerpt":{"rendered":"<p>Respeitando os protocolos de seguran\u00e7a contra a dissemina\u00e7\u00e3o da covid-19, aconteceu na manh\u00e3 desta quinta-feira (1\/7), no audit\u00f3rio do SIEMACO S\u00e3o Paulo, a primeira reuni\u00e3o com os trabalhadores e trabalhadoras&hellip;<\/p>\n","protected":false},"author":4,"featured_media":6020,"comment_status":"open","ping_status":"open","sticky":false,"template":"","format":"standard","meta":{"content-type":"","_lmt_disableupdate":"","_lmt_disable":"","footnotes":""},"categories":[19],"tags":[],"class_list":["post-6019","post","type-post","status-publish","format-standard","has-post-thumbnail","hentry","category-noticias-sindmotorlix"],"_links":{"self":[{"href":"https:\/\/sindmotorlix.com.br\/wp\/index.php?rest_route=\/wp\/v2\/posts\/6019","targetHints":{"allow":["GET"]}}],"collection":[{"href":"https:\/\/sindmotorlix.com.br\/wp\/index.php?rest_route=\/wp\/v2\/posts"}],"about":[{"href":"https:\/\/sindmotorlix.com.br\/wp\/index.php?rest_route=\/wp\/v2\/types\/post"}],"author":[{"embeddable":true,"href":"https:\/\/sindmotorlix.com.br\/wp\/index.php?rest_route=\/wp\/v2\/users\/4"}],"replies":[{"embeddable":true,"href":"https:\/\/sindmotorlix.com.br\/wp\/index.php?rest_route=%2Fwp%2Fv2%2Fcomments&post=6019"}],"version-history":[{"count":1,"href":"https:\/\/sindmotorlix.com.br\/wp\/index.php?rest_route=\/wp\/v2\/posts\/6019\/revisions"}],"predecessor-version":[{"id":6023,"href":"https:\/\/sindmotorlix.com.br\/wp\/index.php?rest_route=\/wp\/v2\/posts\/6019\/revisions\/6023"}],"wp:featuredmedia":[{"embeddable":true,"href":"https:\/\/sindmotorlix.com.br\/wp\/index.php?rest_route=\/wp\/v2\/media\/6020"}],"wp:attachment":[{"href":"https:\/\/sindmotorlix.com.br\/wp\/index.php?rest_route=%2Fwp%2Fv2%2Fmedia&parent=6019"}],"wp:term":[{"taxonomy":"category","embeddable":true,"href":"https:\/\/sindmotorlix.com.br\/wp\/index.php?rest_route=%2Fwp%2Fv2%2Fcategories&post=6019"},{"taxonomy":"post_tag","embeddable":true,"href":"https:\/\/sindmotorlix.com.br\/wp\/index.php?rest_route=%2Fwp%2Fv2%2Ftags&post=6019"}],"curies":[{"name":"wp","href":"https:\/\/api.w.org\/{rel}","templated":true}]}}