{"id":6025,"date":"2021-04-27T13:57:00","date_gmt":"2021-04-27T16:57:00","guid":{"rendered":"http:\/\/sindmotorlix.com.br\/wp\/?p=6025"},"modified":"2025-07-09T13:59:30","modified_gmt":"2025-07-09T16:59:30","slug":"morte-por-covid-19-e-acidente-de-trabalho","status":"publish","type":"post","link":"https:\/\/sindmotorlix.com.br\/wp\/?p=6025","title":{"rendered":"Morte por COVID-19 \u00e9 acidente de trabalho"},"content":{"rendered":"\n<p>A Justi\u00e7a do Trabalho de Minas Gerais reconheceu, no \u00faltimo dia 15, que a morte em decorr\u00eancia da covid-19 pode ser considerada acidente de trabalho e concedeu uma indeniza\u00e7\u00e3o de R$ 200 mil para a fam\u00edlia de um motorista de transportadora. Essa \u00e9 a primeira decis\u00e3o judicial nesse sentido desde o in\u00edcio da pandemia no Brasil. O juiz reconheceu as prec\u00e1rias condi\u00e7\u00f5es de trabalho \u00e0s quais o trabalhador era submetido.<\/p>\n\n\n\n<p>REDA\u00c7\u00c3O OFLUMINENSE&nbsp; 21 DE ABRIL, 2021 \u00c0S 05H00<\/p>\n\n\n\n<p><a href=\"https:\/\/www.ofluminense.com.br\/cidades\/2021\/04\/1183664-morte-por-covid-e-acidente-de-trabalho.html\">https:\/\/www.ofluminense.com.br\/cidades\/2021\/04\/1183664-morte-por-covid-e-acidente-de-trabalho.html<\/a><\/p>\n","protected":false},"excerpt":{"rendered":"<p>A Justi\u00e7a do Trabalho de Minas Gerais reconheceu, no \u00faltimo dia 15, que a morte em decorr\u00eancia da covid-19 pode ser considerada acidente de trabalho e concedeu uma indeniza\u00e7\u00e3o de&hellip;<\/p>\n","protected":false},"author":4,"featured_media":0,"comment_status":"open","ping_status":"open","sticky":false,"template":"","format":"standard","meta":{"content-type":"","_lmt_disableupdate":"","_lmt_disable":"","footnotes":""},"categories":[19],"tags":[],"class_list":["post-6025","post","type-post","status-publish","format-standard","hentry","category-noticias-sindmotorlix"],"_links":{"self":[{"href":"https:\/\/sindmotorlix.com.br\/wp\/index.php?rest_route=\/wp\/v2\/posts\/6025","targetHints":{"allow":["GET"]}}],"collection":[{"href":"https:\/\/sindmotorlix.com.br\/wp\/index.php?rest_route=\/wp\/v2\/posts"}],"about":[{"href":"https:\/\/sindmotorlix.com.br\/wp\/index.php?rest_route=\/wp\/v2\/types\/post"}],"author":[{"embeddable":true,"href":"https:\/\/sindmotorlix.com.br\/wp\/index.php?rest_route=\/wp\/v2\/users\/4"}],"replies":[{"embeddable":true,"href":"https:\/\/sindmotorlix.com.br\/wp\/index.php?rest_route=%2Fwp%2Fv2%2Fcomments&post=6025"}],"version-history":[{"count":2,"href":"https:\/\/sindmotorlix.com.br\/wp\/index.php?rest_route=\/wp\/v2\/posts\/6025\/revisions"}],"predecessor-version":[{"id":6027,"href":"https:\/\/sindmotorlix.com.br\/wp\/index.php?rest_route=\/wp\/v2\/posts\/6025\/revisions\/6027"}],"wp:attachment":[{"href":"https:\/\/sindmotorlix.com.br\/wp\/index.php?rest_route=%2Fwp%2Fv2%2Fmedia&parent=6025"}],"wp:term":[{"taxonomy":"category","embeddable":true,"href":"https:\/\/sindmotorlix.com.br\/wp\/index.php?rest_route=%2Fwp%2Fv2%2Fcategories&post=6025"},{"taxonomy":"post_tag","embeddable":true,"href":"https:\/\/sindmotorlix.com.br\/wp\/index.php?rest_route=%2Fwp%2Fv2%2Ftags&post=6025"}],"curies":[{"name":"wp","href":"https:\/\/api.w.org\/{rel}","templated":true}]}}