{"id":6036,"date":"2021-03-25T14:04:00","date_gmt":"2021-03-25T17:04:00","guid":{"rendered":"http:\/\/sindmotorlix.com.br\/wp\/?p=6036"},"modified":"2025-07-09T14:05:31","modified_gmt":"2025-07-09T17:05:31","slug":"garis-de-petrolina-relatam-alivio-e-emocao-apos-primeira-dose-contra-covid-19","status":"publish","type":"post","link":"https:\/\/sindmotorlix.com.br\/wp\/?p=6036","title":{"rendered":"Garis de Petrolina relatam al\u00edvio e emo\u00e7\u00e3o ap\u00f3s primeira dose contra Covid-19"},"content":{"rendered":"\n<p>Profissionais essenciais no dia a dia da cidade, os garis de Petrolina foram os primeiros de Pernambuco a receber a vacina contra a covid-19. Nesta quinta (25), cerca de 100 trabalhadores da limpeza urbana tomaram a primeira dose do imunizante. O objetivo da medida adotada pela Prefeitura de Petrolina foi permitir que os profissionais que est\u00e3o, diariamente, em contato com materiais contaminados possam exercer a fun\u00e7\u00e3o essencial com mais seguran\u00e7a.<\/p>\n\n\n\n<p>Para a aplica\u00e7\u00e3o das doses, foi montado um ponto de vacina\u00e7\u00e3o provis\u00f3rio com t\u00e9cnicos da Secretaria de Sa\u00fade na central de opera\u00e7\u00f5es dos trabalhadores de limpeza. Antes de sa\u00edrem para a coleta do lixo, os garis foram vacinados e orientados sobre a data da segunda dose.<\/p>\n\n\n\n<p>O clima entre os trabalhadores de limpeza durante o atendimento era de al\u00edvio e emo\u00e7\u00e3o. O gari Eliomar Ramos, de 29 anos, nos \u00faltimos tr\u00eas meses perdeu um av\u00f4 e um tio v\u00edtimas da covid-19. O trabalhador da limpeza disse que agora se sente mais tranquilo com a vacina. \u201cPela minha idade, n\u00e3o esperava nem t\u00e3o cedo receber essa dose. Depois de tudo que passei, hoje, estou aliviado, leve, por saber que vou trabalhar vacinado e poderei ir para minha casa seguro\u201c, relatou.<\/p>\n\n\n\n<p>A sensa\u00e7\u00e3o de al\u00edvio foi compartilhada por outro profissional da coleta de lixo, Jack Souza, de 36 anos. Gari h\u00e1 uma d\u00e9cada, ele lembrou que os trabalhadores todos os dias t\u00eam contato com m\u00e1scaras, luvas, len\u00e7os umedecidos e outros materiais que podem estar contaminados. \u201cEstou muito feliz e mais tranquilo, mas queria pedir para a popula\u00e7\u00e3o separar melhor o lixo. As pessoas colocam m\u00e1scaras e todo tipo de material nas sacolas sem nenhuma preocupa\u00e7\u00e3o com a gente. Todos os dias passamos por isso e ficamos com medo. Felizmente, agora, com essa vacina, podemos trabalhar mais seguros\u201c, alertou Jack Souza.<\/p>\n\n\n\n<p>Petrolina acelerou a vacina\u00e7\u00e3o nas \u00faltimas semanas. A cidade \u00e9 a que mais aplicou doses contra o coronav\u00edrus em todo o interior de Pernambuco, cerca de 28 mil at\u00e9 esta quinta. \u201cAmpliamos as faixas et\u00e1rias e neste fim de semana devemos chegar aos idosos de 67 anos. \u00c0 medida que mais vacinas chegarem, avan\u00e7aremos nos p\u00fablicos priorit\u00e1rios que s\u00e3o os profissionais de sa\u00fade e idosos. N\u00e3o h\u00e1 outro caminho para superar essa pandemia, por isso, estamos totalmente mobilizados para imunizar todos os petrolinenses o mais cedo poss\u00edvel\u201c, afirmou o prefeito Miguel Coelho, que acompanhou a vacina\u00e7\u00e3o dos trabalhadores da limpeza p\u00fablica.<\/p>\n\n\n\n<p>Por Didi Galv\u00e3o -25 de mar\u00e7o de 20210<\/p>\n\n\n\n<p><a href=\"https:\/\/www.didigalvao.com.br\/vacinacao-garis-de-petrolina-relatam-alivio-e-emocao-apos-primeira-dose-contra-covid-19\">https:\/\/www.didigalvao.com.br\/vacinacao-garis-de-petrolina-relatam-alivio-e-emocao-apos-primeira-dose-contra-covid-19<\/a><\/p>\n","protected":false},"excerpt":{"rendered":"<p>Profissionais essenciais no dia a dia da cidade, os garis de Petrolina foram os primeiros de Pernambuco a receber a vacina contra a covid-19. Nesta quinta (25), cerca de 100&hellip;<\/p>\n","protected":false},"author":4,"featured_media":0,"comment_status":"open","ping_status":"open","sticky":false,"template":"","format":"standard","meta":{"content-type":"","_lmt_disableupdate":"","_lmt_disable":"","footnotes":""},"categories":[19],"tags":[],"class_list":["post-6036","post","type-post","status-publish","format-standard","hentry","category-noticias-sindmotorlix"],"_links":{"self":[{"href":"https:\/\/sindmotorlix.com.br\/wp\/index.php?rest_route=\/wp\/v2\/posts\/6036","targetHints":{"allow":["GET"]}}],"collection":[{"href":"https:\/\/sindmotorlix.com.br\/wp\/index.php?rest_route=\/wp\/v2\/posts"}],"about":[{"href":"https:\/\/sindmotorlix.com.br\/wp\/index.php?rest_route=\/wp\/v2\/types\/post"}],"author":[{"embeddable":true,"href":"https:\/\/sindmotorlix.com.br\/wp\/index.php?rest_route=\/wp\/v2\/users\/4"}],"replies":[{"embeddable":true,"href":"https:\/\/sindmotorlix.com.br\/wp\/index.php?rest_route=%2Fwp%2Fv2%2Fcomments&post=6036"}],"version-history":[{"count":1,"href":"https:\/\/sindmotorlix.com.br\/wp\/index.php?rest_route=\/wp\/v2\/posts\/6036\/revisions"}],"predecessor-version":[{"id":6037,"href":"https:\/\/sindmotorlix.com.br\/wp\/index.php?rest_route=\/wp\/v2\/posts\/6036\/revisions\/6037"}],"wp:attachment":[{"href":"https:\/\/sindmotorlix.com.br\/wp\/index.php?rest_route=%2Fwp%2Fv2%2Fmedia&parent=6036"}],"wp:term":[{"taxonomy":"category","embeddable":true,"href":"https:\/\/sindmotorlix.com.br\/wp\/index.php?rest_route=%2Fwp%2Fv2%2Fcategories&post=6036"},{"taxonomy":"post_tag","embeddable":true,"href":"https:\/\/sindmotorlix.com.br\/wp\/index.php?rest_route=%2Fwp%2Fv2%2Ftags&post=6036"}],"curies":[{"name":"wp","href":"https:\/\/api.w.org\/{rel}","templated":true}]}}