{"id":6043,"date":"2021-03-09T14:08:00","date_gmt":"2021-03-09T17:08:00","guid":{"rendered":"http:\/\/sindmotorlix.com.br\/wp\/?p=6043"},"modified":"2025-07-09T14:09:05","modified_gmt":"2025-07-09T17:09:05","slug":"simbolo-de-protecao-na-pandemia-mascaras-reduzem-em-87-a-chance-de-contrair-covid-19-aponta-pesquisa","status":"publish","type":"post","link":"https:\/\/sindmotorlix.com.br\/wp\/?p=6043","title":{"rendered":"S\u00edmbolo de prote\u00e7\u00e3o na pandemia, m\u00e1scaras reduzem em 87% a chance de contrair covid-19, aponta pesquisa"},"content":{"rendered":"\n<p>M\u00e1scaras s\u00e3o fundamentais no combate \u00e0 dissemina\u00e7\u00e3o do coronav\u00edrus, mas \u00e9 preciso atentar para crit\u00e9rios m\u00ednimos de qualidade no uso desse tipo de prote\u00e7\u00e3o<\/p>\n\n\n\n<p>Prote\u00e7\u00e3o \u00e9 mais robusta com m\u00e1scaras como a N95<\/p>\n\n\n\n<p>A m\u00e1scara de prote\u00e7\u00e3o respirat\u00f3ria tornou-se um dos principais s\u00edmbolos da pandemia de covid-19 \u2013 acess\u00f3rio de prote\u00e7\u00e3o que virou uma constante para a popula\u00e7\u00e3o mundial em 2020 e tamb\u00e9m em 2021. Antes utilizada cotidianamente apenas em alguns pa\u00edses asi\u00e1ticos, o que era visto com curiosidade por cidad\u00e3os de outros pa\u00edses, a m\u00e1scara agora \u00e9 utilizada em todo o mundo, consagrando-se como uma importante medida na conten\u00e7\u00e3o da dissemina\u00e7\u00e3o do coronav\u00edrus.<\/p>\n\n\n\n<p>Apesar de estarem no rosto de todos, ou pelo menos da maioria prudente da popula\u00e7\u00e3o, muitas pessoas ainda n\u00e3o sabem que existem diversos tipos diferentes de m\u00e1scaras e que cada um deles deve ser utilizado em ocasi\u00f5es espec\u00edficas.<\/p>\n\n\n\n<p>Nas \u00faltimas semanas, pa\u00edses da Europa t\u00eam recomendado ou at\u00e9 exigido da popula\u00e7\u00e3o o uso de m\u00e1scaras profissionais, como os padr\u00f5es N95 ou PFF-2, dado o grau de prote\u00e7\u00e3o mais elevado. Para especialistas, a recomenda\u00e7\u00e3o tamb\u00e9m deveria ser seguida no Brasil \u2014 o problema \u00e9 que por aqui, devido ao custo mais elevado na compara\u00e7\u00e3o com as de pano, por exemplo, uma parcela significativa da popula\u00e7\u00e3o n\u00e3o deve conseguir bancar os modelos.<\/p>\n\n\n\n<p>Eles refor\u00e7am, ainda, que as m\u00e1scaras de pano ainda s\u00e3o muito importantes no combate \u00e0 pandemia, mas que \u00e9 preciso atentar para alguns crit\u00e9rios m\u00ednimos de qualidade no uso desse tipo de prote\u00e7\u00e3o.<\/p>\n\n\n\n<p>Prote\u00e7\u00e3o individual e coletiva<\/p>\n\n\n\n<p>Para o m\u00e9dico infectologista Evaldo Stanislau, a m\u00e1scara de tecido comum tem um grau de prote\u00e7\u00e3o bom, mas depende que todos usem para proteger mais.<\/p>\n\n\n\n<p>\u2014 Isso porque, no caso das m\u00e1scaras de pano, o que acontece \u00e9 a redu\u00e7\u00e3o da emiss\u00e3o de part\u00edculas por parte de quem est\u00e1 usando. Dependendo do material utilizado para a confec\u00e7\u00e3o da m\u00e1scara, a filtragem do ar pode n\u00e3o ser t\u00e3o boa, o que pode resultar em uma prote\u00e7\u00e3o limitada para o usu\u00e1rio.<\/p>\n\n\n\n<p>Vitor Mori, p\u00f3s-doutorando na Universidade de Vermont e membro do Observat\u00f3rio Covid-19 BR, destaca que o uso errado da m\u00e1scara n\u00e3o acontece s\u00f3 quando ela n\u00e3o est\u00e1 cobrindo o nariz ou a boca.<\/p>\n\n\n\n<p>\u2014 Se ela estiver folgada dos lados, por exemplo, ela perde toda a sua funcionalidade.<\/p>\n\n\n\n<p>Mori ressalta que as m\u00e1scaras do tipo N95 e PFF-2 n\u00e3o s\u00e3o descart\u00e1veis \u2014 para ele, elas n\u00e3o s\u00f3 podem como devem ser reutilizadas, principalmente para que n\u00e3o se corra o risco de faltar equipamentos de prote\u00e7\u00e3o para os profissionais da sa\u00fade.<\/p>\n\n\n\n<p>M\u00e1scaras: fundamentais na preven\u00e7\u00e3o<\/p>\n\n\n\n<p>Um estudo desenvolvido por pesquisadores da Universidade Federal do Rio Grande do Sul (UFRGS), Universidade Federal de Ci\u00eancias da Sa\u00fade de Porto Alegre (UFCSPA), Universidade Federal de Pelotas (UFPel) e Secretaria Municipal de Sa\u00fade de Porto Alegre (SMS) apontou o papel do uso de m\u00e1scaras e do distanciamento social na preven\u00e7\u00e3o contra a covid-19. Os resultados sugerem que o uso de m\u00e1scaras reduz em 87% a chance de ser infectado pelo SARS-CoV-2.<\/p>\n\n\n\n<p>Al\u00e9m disso, o estudo conclui que pessoas que aderem moderada a intensamente ao distanciamento social t\u00eam entre 59% e 75% menos chances de contrair o coronav\u00edrus.<\/p>\n\n\n\n<p>Enquanto n\u00e3o temos vacina para todos, precisamos manter o distanciamento social e uso de m\u00e1scara em todas as situa\u00e7\u00f5es<\/p>\n\n\n\n<p>MARCELO GON\u00c7ALVES<\/p>\n\n\n\n<p>Professor da Faculdade de Medicina da UFRGS<\/p>\n\n\n\n<p>Um dos pesquisadores que integra o estudo, o professor da Faculdade de Medicina da UFRGS Bruce Duncan afirma que, ancorado nos dados, \u00e9 poss\u00edvel dizer que essas medidas t\u00eam um papel importante na preven\u00e7\u00e3o da doen\u00e7a. A ades\u00e3o moderada ou alta ao distanciamento social foram fortemente protetivas contra a doen\u00e7a, representando um risco 72% e 75% menor, respectivamente. O uso da m\u00e1scara foi associado a um risco 87% menor de contrair o v\u00edrus.<\/p>\n\n\n\n<p>Outro pesquisador do grupo, o professor da Faculdade de Medicina da UFRGS Marcelo Gon\u00e7alves destaca que adotar as medidas de distanciamento social e utiliza\u00e7\u00e3o de m\u00e1scara sempre que estiver fora de casa tornou-se fundamental.<\/p>\n\n\n\n<p>\u2014 N\u00e3o fazer isto \u00e9 manter uma marcha para o colapso completo do sistema de sa\u00fade, com um aumento no n\u00famero de mortes sem precedentes. Enquanto n\u00e3o temos vacina para todos, precisamos manter o distanciamento social e uso de m\u00e1scara em todas as situa\u00e7\u00f5es \u2014 complementa.<\/p>\n\n\n\n<p>O Comit\u00ea Cient\u00edfico de Apoio ao Enfrentamento \u00e0 Pandemia do Governo do Estado recomenda manter distanciamento m\u00ednimo de dois metros e dar prefer\u00eancia a ambientes ao ar livre ou bem ventilados.<\/p>\n\n\n\n<p>Entenda os tipos de m\u00e1scaras respirat\u00f3rias<\/p>\n\n\n\n<p>M\u00e1scaras de tecido: lav\u00e1veis e reutiliz\u00e1veis<\/p>\n\n\n\n<p>M\u00e1scaras de tecido<\/p>\n\n\n\n<p>S\u00e3o aquelas produzidas artesanalmente em casas ou confec\u00e7\u00f5es com materiais n\u00e3o m\u00e9dicos, como tecido, malha ou retalhos. Elas podem ser lavadas e reutilizadas.<\/p>\n\n\n\n<p>M\u00e1scara cir\u00fargica<\/p>\n\n\n\n<p>Produzida industrialmente com materiais espec\u00edficos e descart\u00e1veis, a m\u00e1scara cir\u00fargica \u00e9 normalmente utilizada por profissionais de sa\u00fade durante procedimentos. Ela apresenta como diferenciais um material que filtra part\u00edculas menores que os tecidos comuns.<\/p>\n\n\n\n<p>M\u00e1scara N95<\/p>\n\n\n\n<p>Tamb\u00e9m s\u00e3o&nbsp; produzidas em n\u00edvel industrial para profissionais de sa\u00fade. Elas buscam oferecer a melhor prote\u00e7\u00e3o contra aeross\u00f3is, as menores part\u00edculas respirat\u00f3rias poss\u00edveis para a transmiss\u00e3o dos v\u00edrus. Durante procedimentos m\u00e9dicos, como entuba\u00e7\u00f5es, elas s\u00e3o eliminadas em grande quantidade. Por isso, \u00e9 necess\u00e1ria essa prote\u00e7\u00e3o maior.<\/p>\n\n\n\n<p>Para isso, elas t\u00eam v\u00e1rias camadas de diversos materiais, al\u00e9m de serem muito anat\u00f4micas, de modo a&nbsp; minimizar ao m\u00e1ximo os espa\u00e7os por onde o ar poderia passar sem ser filtrado. Elas s\u00e3o as mais caras de serem produzidas.<\/p>\n\n\n\n<p>Respiradores<\/p>\n\n\n\n<p>Os respiradores s\u00e3o equipamentos de prote\u00e7\u00e3o individual (EPIs) que cobrem o nariz e a boca, proporcionando uma veda\u00e7\u00e3o adequada sobre a face do usu\u00e1rio. Os respiradores, al\u00e9m de reter got\u00edculas, protegem contra aeross\u00f3is contendo v\u00edrus, bact\u00e9rias e fungos, a depender de sua classifica\u00e7\u00e3o.<\/p>\n\n\n\n<p>M\u00e1scaras com v\u00e1lvula<\/p>\n\n\n\n<p>Esse tipo de m\u00e1scara n\u00e3o \u00e9 recomendado porque protege o pr\u00f3prio usu\u00e1rio, mas n\u00e3o as outras pessoas. O equipamento filtra as part\u00edculas do ar externo quando a pessoa inspira, mas permite que as part\u00edculas escapem pela v\u00e1lvula quando ela expira. No entanto, nas m\u00e1scaras com v\u00e1lvula, um grande n\u00famero de gotas passa pela v\u00e1lvula sem filtro, o que a torna ineficaz para impedir a propaga\u00e7\u00e3o do v\u00edrus da covid-19 se a pessoa que usa a m\u00e1scara estiver infectada.<\/p>\n\n\n\n<p>Teste a qualidade da m\u00e1scara de pano<\/p>\n\n\n\n<p>Especialistas recomendam fazer dois testes simples:<\/p>\n\n\n\n<p>O primeiro envolve observar a m\u00e1scara contra a luz: se for poss\u00edvel enxergar do outro lado atrav\u00e9s da malha, \u00e9 melhor procurar outra m\u00e1scara.<\/p>\n\n\n\n<p>O outro teste pode ser feito com uma vela acesa: se, ao assoprar, a vela apagar, \u00e9 preciso trocar a m\u00e1scara porque ela j\u00e1 perdeu a capacidade de filtrar o ar.<\/p>\n\n\n\n<p>Higieniza\u00e7\u00e3o e cuidados com a m\u00e1scara<\/p>\n\n\n\n<p>M\u00e1scaras de pano<\/p>\n\n\n\n<p>As m\u00e1scaras de pano s\u00e3o reutiliz\u00e1veis e devem ser higienizadas antes de cada nova utiliza\u00e7\u00e3o. A OMS indica que esse tipo pode ser lavado at\u00e9 30 vezes antes do descarte apropriado. Lave com sab\u00e3o ou detergente, de prefer\u00eancia com \u00e1gua quente. Outras op\u00e7\u00f5es s\u00e3o lavar com sab\u00e3o ou detergente e \u00e1gua em temperatura ambiente, e depois colocar em \u00e1gua fervida por 1 minuto. Ou ainda deix\u00e1-las de molho em uma solu\u00e7\u00e3o com 10% de \u00e1gua sanit\u00e1ria por, no m\u00e1ximo, 30 minutos e enxaguar bem antes de secar.<\/p>\n\n\n\n<p>Ao colocar as m\u00e1scaras \u00e9 preciso estar com as m\u00e3os limpas e remov\u00ea-las do rosto pelas tiras laterais. Evite toc\u00e1-la durante o uso.<\/p>\n\n\n\n<p>M\u00e1scaras cir\u00fargicas<\/p>\n\n\n\n<p>As m\u00e1scaras cir\u00fargicas do tipo N95 s\u00e3o descart\u00e1veis e devem ser trocadas a cada duas horas de uso, segundo a OMS. M\u00e1scaras hospitalares devem ser trocadas a cada oito horas de uso.<\/p>\n\n\n\n<p>08\/03\/2021 \u2013 19h22min<\/p>\n\n\n\n<p>Atualizada em 09\/03\/2021 \u2013 08h39min<\/p>\n\n\n\n<p>GUILHERME JUSTINO<\/p>\n\n\n\n<figure class=\"wp-block-embed\"><div class=\"wp-block-embed__wrapper\">\nhttps:\/\/gauchazh.clicrbs.com.br\/saude\/noticia\/2021\/03\/simbolo-\n<\/div><\/figure>\n","protected":false},"excerpt":{"rendered":"<p>M\u00e1scaras s\u00e3o fundamentais no combate \u00e0 dissemina\u00e7\u00e3o do coronav\u00edrus, mas \u00e9 preciso atentar para crit\u00e9rios m\u00ednimos de qualidade no uso desse tipo de prote\u00e7\u00e3o Prote\u00e7\u00e3o \u00e9 mais robusta com m\u00e1scaras&hellip;<\/p>\n","protected":false},"author":4,"featured_media":0,"comment_status":"open","ping_status":"open","sticky":false,"template":"","format":"standard","meta":{"content-type":"","_lmt_disableupdate":"","_lmt_disable":"","footnotes":""},"categories":[19],"tags":[],"class_list":["post-6043","post","type-post","status-publish","format-standard","hentry","category-noticias-sindmotorlix"],"_links":{"self":[{"href":"https:\/\/sindmotorlix.com.br\/wp\/index.php?rest_route=\/wp\/v2\/posts\/6043","targetHints":{"allow":["GET"]}}],"collection":[{"href":"https:\/\/sindmotorlix.com.br\/wp\/index.php?rest_route=\/wp\/v2\/posts"}],"about":[{"href":"https:\/\/sindmotorlix.com.br\/wp\/index.php?rest_route=\/wp\/v2\/types\/post"}],"author":[{"embeddable":true,"href":"https:\/\/sindmotorlix.com.br\/wp\/index.php?rest_route=\/wp\/v2\/users\/4"}],"replies":[{"embeddable":true,"href":"https:\/\/sindmotorlix.com.br\/wp\/index.php?rest_route=%2Fwp%2Fv2%2Fcomments&post=6043"}],"version-history":[{"count":1,"href":"https:\/\/sindmotorlix.com.br\/wp\/index.php?rest_route=\/wp\/v2\/posts\/6043\/revisions"}],"predecessor-version":[{"id":6044,"href":"https:\/\/sindmotorlix.com.br\/wp\/index.php?rest_route=\/wp\/v2\/posts\/6043\/revisions\/6044"}],"wp:attachment":[{"href":"https:\/\/sindmotorlix.com.br\/wp\/index.php?rest_route=%2Fwp%2Fv2%2Fmedia&parent=6043"}],"wp:term":[{"taxonomy":"category","embeddable":true,"href":"https:\/\/sindmotorlix.com.br\/wp\/index.php?rest_route=%2Fwp%2Fv2%2Fcategories&post=6043"},{"taxonomy":"post_tag","embeddable":true,"href":"https:\/\/sindmotorlix.com.br\/wp\/index.php?rest_route=%2Fwp%2Fv2%2Ftags&post=6043"}],"curies":[{"name":"wp","href":"https:\/\/api.w.org\/{rel}","templated":true}]}}